{"id":5905,"date":"2025-05-06T10:10:23","date_gmt":"2025-05-06T08:10:23","guid":{"rendered":"https:\/\/www.personasyciudad.es\/personas-y-ciudad-y-el-ayuntamiento-presentan-las-obras-de-rehabilitacion-de-mejora-de-eficiencia-energetica-en-los-edificios-del-programa-de-barrios-errp\/"},"modified":"2025-11-25T12:52:32","modified_gmt":"2025-11-25T11:52:32","slug":"personas-y-ciudad-y-el-ayuntamiento-presentan-las-obras-de-rehabilitacion-de-mejora-de-eficiencia-energetica-en-los-edificios-del-programa-de-barrios-errp","status":"publish","type":"post","link":"https:\/\/www.personasyciudad.es\/ca-es\/personas-y-ciudad-y-el-ayuntamiento-presentan-las-obras-de-rehabilitacion-de-mejora-de-eficiencia-energetica-en-los-edificios-del-programa-de-barrios-errp\/","title":{"rendered":"Personas y Ciudad i l&#8217;ajuntament presenten les obres de Rehabilitaci\u00f3 de millora d&#8217;Efici\u00e8ncia Energ\u00e8tica en els Edificis del Programa de Barris (ERRP)."},"content":{"rendered":"\t\t<div data-elementor-type=\"wp-post\" data-elementor-id=\"5905\" class=\"elementor elementor-5905 elementor-5065\" data-elementor-post-type=\"post\">\n\t\t\t\t\t\t<section class=\"elementor-section elementor-top-section elementor-element elementor-element-2b5f1cd0 elementor-section-boxed elementor-section-height-default elementor-section-height-default\" data-id=\"2b5f1cd0\" data-element_type=\"section\">\n\t\t\t\t\t\t<div class=\"elementor-container elementor-column-gap-default\">\n\t\t\t\t\t<div class=\"elementor-column elementor-col-100 elementor-top-column elementor-element elementor-element-74efd0d5\" data-id=\"74efd0d5\" data-element_type=\"column\">\n\t\t\t<div class=\"elementor-widget-wrap elementor-element-populated\">\n\t\t\t\t\t\t<div class=\"elementor-element elementor-element-66d973b elementor-widget elementor-widget-image\" data-id=\"66d973b\" data-element_type=\"widget\" data-widget_type=\"image.default\">\n\t\t\t\t<div class=\"elementor-widget-container\">\n\t\t\t<style>\/*! elementor - v3.23.0 - 05-08-2024 *\/\n.elementor-widget-image{text-align:center}.elementor-widget-image a{display:inline-block}.elementor-widget-image a img[src$=\".svg\"]{width:48px}.elementor-widget-image img{vertical-align:middle;display:inline-block}<\/style>\t\t\t\t\t\t\t\t\t\t<img fetchpriority=\"high\" decoding=\"async\" width=\"940\" height=\"707\" src=\"https:\/\/www.personasyciudad.es\/wp-content\/uploads\/2025\/05\/WhatsApp-Image-2025-05-05-at-17.15.31-4-1024x770.jpeg\" class=\"attachment-large size-large wp-image-5465\" alt=\"\" srcset=\"https:\/\/www.personasyciudad.es\/wp-content\/uploads\/2025\/05\/WhatsApp-Image-2025-05-05-at-17.15.31-4-1024x770.jpeg 1024w, https:\/\/www.personasyciudad.es\/wp-content\/uploads\/2025\/05\/WhatsApp-Image-2025-05-05-at-17.15.31-4-300x226.jpeg 300w, https:\/\/www.personasyciudad.es\/wp-content\/uploads\/2025\/05\/WhatsApp-Image-2025-05-05-at-17.15.31-4-768x577.jpeg 768w, https:\/\/www.personasyciudad.es\/wp-content\/uploads\/2025\/05\/WhatsApp-Image-2025-05-05-at-17.15.31-4-1536x1155.jpeg 1536w, https:\/\/www.personasyciudad.es\/wp-content\/uploads\/2025\/05\/WhatsApp-Image-2025-05-05-at-17.15.31-4.jpeg 1600w\" sizes=\"(max-width: 940px) 100vw, 940px\" \/>\t\t\t\t\t\t\t\t\t\t\t\t\t<\/div>\n\t\t\t\t<\/div>\n\t\t\t\t<div class=\"elementor-element elementor-element-63b218bc elementor-widget elementor-widget-text-editor\" data-id=\"63b218bc\" data-element_type=\"widget\" data-widget_type=\"text-editor.default\">\n\t\t\t\t<div class=\"elementor-widget-container\">\n\t\t\t<style>\/*! elementor - v3.23.0 - 05-08-2024 *\/\n.elementor-widget-text-editor.elementor-drop-cap-view-stacked .elementor-drop-cap{background-color:#69727d;color:#fff}.elementor-widget-text-editor.elementor-drop-cap-view-framed .elementor-drop-cap{color:#69727d;border:3px solid;background-color:transparent}.elementor-widget-text-editor:not(.elementor-drop-cap-view-default) .elementor-drop-cap{margin-top:8px}.elementor-widget-text-editor:not(.elementor-drop-cap-view-default) .elementor-drop-cap-letter{width:1em;height:1em}.elementor-widget-text-editor .elementor-drop-cap{float:left;text-align:center;line-height:1;font-size:50px}.elementor-widget-text-editor .elementor-drop-cap-letter{display:inline-block}<\/style>\t\t\t\t<ul>\r\n<li style=\"text-align: right;\"><span style=\"color: #000000;\">Es dona llum verda a l&#8217;inici de les obres de reurbanitzaci\u00f3 amb la firma de l&#8217;acta de replanteig d&#8217;obres.<\/li>\r\n<\/ul>Sant Joan d&#8217;Alacant, 5 de maig de 2025.<br><br>La gerent Rosa Cussac Crespo, l&#8217;alcalde Santiago Rom\u00e1n, i la regidora de vivenda Rosario Tom\u00e1s, han presentat oficialment l&#8217;inici de les obres de reurbanitzaci\u00f3 del carrer Navarregui, un projecte clau que s&#8217;emmarca dins de l&#8217;ambiciosa iniciativa de rehabilitaci\u00f3 de l&#8217;efici\u00e8ncia energ\u00e8tica en els Edificis d&#8217;Entorn Residencial de Rehabilitaci\u00f3 Programada (*ERRP) del municipi. Esta actuaci\u00f3 integral no sols modernitzar\u00e0 la infraestructura de la zona, sin\u00f3 que tamb\u00e9 contribuir\u00e0 significativament a la millora de l&#8217;efici\u00e8ncia energ\u00e8tica de l&#8217;entorn residencial.<br><br>Les obres, que realitzar\u00e0 Construcciones Urdecon, abastaran els carrers Navarregui, Capit\u00e1n Mart\u00ed, Ram\u00f3n Campoamor i Mos\u00e9n Pedro Mena. El projecte contempla una renovaci\u00f3 completa de l&#8217;espai p\u00fablic, incloent-hi la millora de voreres, la renovaci\u00f3 del paviment, l&#8217;optimitzaci\u00f3 de la il\u00b7luminaci\u00f3 amb criteris d&#8217;efici\u00e8ncia energ\u00e8tica, renovaci\u00f3 del mobiliari urb\u00e0 i la modernitzaci\u00f3 de les xarxes de servicis b\u00e0sics com a aigua i sanejament.<br><br>Rosa Cussac Crespo, va destacar durant la presentaci\u00f3 la import\u00e0ncia d&#8217;este projecte per al municipi: &#8220;Esta reurbanitzaci\u00f3 \u00e9s un pas fonamental en la nostra estrat\u00e8gia per a fer de Sant Joan un lloc m\u00e9s sostenible i amb una major qualitat de vida per als nostres ve\u00efns. No sols estem renovant carrers, sin\u00f3 que estem invertint en el futur del nostre municipi, millorant l&#8217;efici\u00e8ncia energ\u00e8tica i creant espais m\u00e9s amables i accessibles per a tots.&#8221;<br><br>Els ve\u00efns de la zona han rebut amb entusiasme l&#8217;inici de les obres, anticipant les millores que portar\u00e0 amb si esta transformaci\u00f3 urbana. Personas y Ciudad ha assegurat que es mantindr\u00e0 una comunicaci\u00f3 constant amb els residents per a brindar-los la informaci\u00f3 necess\u00e0ria en l&#8217;Oficina de Rehabilitaci\u00f3, situada al carrer Canyaret 24.<br><br>Esta actuaci\u00f3 forma part del Programa de Rehabilitaci\u00f3 dels barris Niza &#8211; Navarregui, que va comen\u00e7ar al mar\u00e7 amb els edificis A i B de Niza.\t\t\t\t\t\t<\/div>\n\t\t\t\t<\/div>\n\t\t\t\t<div class=\"elementor-element elementor-element-fa0e14f elementor-widget elementor-widget-image\" data-id=\"fa0e14f\" data-element_type=\"widget\" data-widget_type=\"image.default\">\n\t\t\t\t<div class=\"elementor-widget-container\">\n\t\t\t\t\t\t\t\t\t\t\t\t\t<img decoding=\"async\" width=\"768\" height=\"577\" src=\"https:\/\/www.personasyciudad.es\/wp-content\/uploads\/2025\/05\/WhatsApp-Image-2025-05-05-at-17.16.19-1-768x577.jpeg\" class=\"attachment-medium_large size-medium_large wp-image-5463\" alt=\"\" srcset=\"https:\/\/www.personasyciudad.es\/wp-content\/uploads\/2025\/05\/WhatsApp-Image-2025-05-05-at-17.16.19-1-768x577.jpeg 768w, https:\/\/www.personasyciudad.es\/wp-content\/uploads\/2025\/05\/WhatsApp-Image-2025-05-05-at-17.16.19-1-300x226.jpeg 300w, https:\/\/www.personasyciudad.es\/wp-content\/uploads\/2025\/05\/WhatsApp-Image-2025-05-05-at-17.16.19-1-1024x770.jpeg 1024w, https:\/\/www.personasyciudad.es\/wp-content\/uploads\/2025\/05\/WhatsApp-Image-2025-05-05-at-17.16.19-1-1536x1155.jpeg 1536w, https:\/\/www.personasyciudad.es\/wp-content\/uploads\/2025\/05\/WhatsApp-Image-2025-05-05-at-17.16.19-1-627x470.jpeg 627w, https:\/\/www.personasyciudad.es\/wp-content\/uploads\/2025\/05\/WhatsApp-Image-2025-05-05-at-17.16.19-1.jpeg 1600w\" sizes=\"(max-width: 768px) 100vw, 768px\" \/>\t\t\t\t\t\t\t\t\t\t\t\t\t<\/div>\n\t\t\t\t<\/div>\n\t\t\t\t\t<\/div>\n\t\t<\/div>\n\t\t\t\t\t<\/div>\n\t\t<\/section>\n\t\t\t\t<section class=\"elementor-section elementor-top-section elementor-element elementor-element-b27ffb4 elementor-section-boxed elementor-section-height-default elementor-section-height-default\" data-id=\"b27ffb4\" data-element_type=\"section\">\n\t\t\t\t\t\t<div class=\"elementor-container elementor-column-gap-default\">\n\t\t\t\t\t<div class=\"elementor-column elementor-col-100 elementor-top-column elementor-element elementor-element-4cc8918\" data-id=\"4cc8918\" data-element_type=\"column\">\n\t\t\t<div class=\"elementor-widget-wrap elementor-element-populated\">\n\t\t\t\t\t\t<section class=\"elementor-section elementor-inner-section elementor-element elementor-element-c773a5b elementor-section-boxed elementor-section-height-default elementor-section-height-default\" data-id=\"c773a5b\" data-element_type=\"section\">\n\t\t\t\t\t\t<div class=\"elementor-container elementor-column-gap-default\">\n\t\t\t\t\t<div class=\"elementor-column elementor-col-50 elementor-inner-column elementor-element elementor-element-bd97b26\" data-id=\"bd97b26\" data-element_type=\"column\">\n\t\t\t<div class=\"elementor-widget-wrap elementor-element-populated\">\n\t\t\t\t\t\t<div class=\"elementor-element elementor-element-c200617 elementor-widget elementor-widget-image\" data-id=\"c200617\" data-element_type=\"widget\" data-widget_type=\"image.default\">\n\t\t\t\t<div class=\"elementor-widget-container\">\n\t\t\t\t\t\t\t\t\t\t\t\t\t<img decoding=\"async\" width=\"940\" height=\"636\" src=\"https:\/\/www.personasyciudad.es\/wp-content\/uploads\/2025\/05\/WhatsApp-Image-2025-05-05-at-17.15.31-3-e1746518116417-1024x693.jpeg\" class=\"attachment-large size-large wp-image-5460\" alt=\"\" srcset=\"https:\/\/www.personasyciudad.es\/wp-content\/uploads\/2025\/05\/WhatsApp-Image-2025-05-05-at-17.15.31-3-e1746518116417-1024x693.jpeg 1024w, https:\/\/www.personasyciudad.es\/wp-content\/uploads\/2025\/05\/WhatsApp-Image-2025-05-05-at-17.15.31-3-e1746518116417-300x203.jpeg 300w, https:\/\/www.personasyciudad.es\/wp-content\/uploads\/2025\/05\/WhatsApp-Image-2025-05-05-at-17.15.31-3-e1746518116417-768x520.jpeg 768w, https:\/\/www.personasyciudad.es\/wp-content\/uploads\/2025\/05\/WhatsApp-Image-2025-05-05-at-17.15.31-3-e1746518116417-1536x1040.jpeg 1536w, https:\/\/www.personasyciudad.es\/wp-content\/uploads\/2025\/05\/WhatsApp-Image-2025-05-05-at-17.15.31-3-e1746518116417-400x270.jpeg 400w, https:\/\/www.personasyciudad.es\/wp-content\/uploads\/2025\/05\/WhatsApp-Image-2025-05-05-at-17.15.31-3-e1746518116417.jpeg 1600w\" sizes=\"(max-width: 940px) 100vw, 940px\" \/>\t\t\t\t\t\t\t\t\t\t\t\t\t<\/div>\n\t\t\t\t<\/div>\n\t\t\t\t\t<\/div>\n\t\t<\/div>\n\t\t\t\t<div class=\"elementor-column elementor-col-50 elementor-inner-column elementor-element elementor-element-ed8ab13\" data-id=\"ed8ab13\" data-element_type=\"column\">\n\t\t\t<div class=\"elementor-widget-wrap elementor-element-populated\">\n\t\t\t\t\t\t<div class=\"elementor-element elementor-element-a4850c9 elementor-widget elementor-widget-image\" data-id=\"a4850c9\" data-element_type=\"widget\" data-widget_type=\"image.default\">\n\t\t\t\t<div class=\"elementor-widget-container\">\n\t\t\t\t\t\t\t\t\t\t\t\t\t<img loading=\"lazy\" decoding=\"async\" width=\"940\" height=\"636\" src=\"https:\/\/www.personasyciudad.es\/wp-content\/uploads\/2025\/05\/GRUPO-CHARO-1024x693.jpeg\" class=\"attachment-large size-large wp-image-5450\" alt=\"\" srcset=\"https:\/\/www.personasyciudad.es\/wp-content\/uploads\/2025\/05\/GRUPO-CHARO-1024x693.jpeg 1024w, https:\/\/www.personasyciudad.es\/wp-content\/uploads\/2025\/05\/GRUPO-CHARO-300x203.jpeg 300w, https:\/\/www.personasyciudad.es\/wp-content\/uploads\/2025\/05\/GRUPO-CHARO-768x520.jpeg 768w, https:\/\/www.personasyciudad.es\/wp-content\/uploads\/2025\/05\/GRUPO-CHARO-1536x1040.jpeg 1536w, https:\/\/www.personasyciudad.es\/wp-content\/uploads\/2025\/05\/GRUPO-CHARO-400x270.jpeg 400w, https:\/\/www.personasyciudad.es\/wp-content\/uploads\/2025\/05\/GRUPO-CHARO.jpeg 1600w\" sizes=\"(max-width: 940px) 100vw, 940px\" \/>\t\t\t\t\t\t\t\t\t\t\t\t\t<\/div>\n\t\t\t\t<\/div>\n\t\t\t\t\t<\/div>\n\t\t<\/div>\n\t\t\t\t\t<\/div>\n\t\t<\/section>\n\t\t\t\t\t<\/div>\n\t\t<\/div>\n\t\t\t\t\t<\/div>\n\t\t<\/section>\n\t\t\t\t<section class=\"elementor-section elementor-top-section elementor-element elementor-element-3d37b85 elementor-section-boxed elementor-section-height-default elementor-section-height-default\" data-id=\"3d37b85\" data-element_type=\"section\">\n\t\t\t\t\t\t<div class=\"elementor-container elementor-column-gap-default\">\n\t\t\t\t\t<div class=\"elementor-column elementor-col-100 elementor-top-column elementor-element elementor-element-08ccbdd\" data-id=\"08ccbdd\" data-element_type=\"column\">\n\t\t\t<div class=\"elementor-widget-wrap elementor-element-populated\">\n\t\t\t\t\t\t<div class=\"elementor-element elementor-element-6536d11 gallery-spacing-custom elementor-widget elementor-widget-image-gallery\" data-id=\"6536d11\" data-element_type=\"widget\" data-widget_type=\"image-gallery.default\">\n\t\t\t\t<div class=\"elementor-widget-container\">\n\t\t\t<style>\/*! elementor - v3.23.0 - 05-08-2024 *\/\n.elementor-image-gallery .gallery-item{display:inline-block;text-align:center;vertical-align:top;width:100%;max-width:100%;margin:0 auto}.elementor-image-gallery .gallery-item img{margin:0 auto}.elementor-image-gallery .gallery-item .gallery-caption{margin:0}.elementor-image-gallery figure img{display:block}.elementor-image-gallery figure figcaption{width:100%}.gallery-spacing-custom .elementor-image-gallery .gallery-icon{padding:0}@media (min-width:768px){.elementor-image-gallery .gallery-columns-2 .gallery-item{max-width:50%}.elementor-image-gallery .gallery-columns-3 .gallery-item{max-width:33.33%}.elementor-image-gallery .gallery-columns-4 .gallery-item{max-width:25%}.elementor-image-gallery .gallery-columns-5 .gallery-item{max-width:20%}.elementor-image-gallery .gallery-columns-6 .gallery-item{max-width:16.666%}.elementor-image-gallery .gallery-columns-7 .gallery-item{max-width:14.28%}.elementor-image-gallery .gallery-columns-8 .gallery-item{max-width:12.5%}.elementor-image-gallery .gallery-columns-9 .gallery-item{max-width:11.11%}.elementor-image-gallery .gallery-columns-10 .gallery-item{max-width:10%}}@media (min-width:480px) and (max-width:767px){.elementor-image-gallery .gallery.gallery-columns-2 .gallery-item,.elementor-image-gallery .gallery.gallery-columns-3 .gallery-item,.elementor-image-gallery .gallery.gallery-columns-4 .gallery-item,.elementor-image-gallery .gallery.gallery-columns-5 .gallery-item,.elementor-image-gallery .gallery.gallery-columns-6 .gallery-item,.elementor-image-gallery .gallery.gallery-columns-7 .gallery-item,.elementor-image-gallery .gallery.gallery-columns-8 .gallery-item,.elementor-image-gallery .gallery.gallery-columns-9 .gallery-item,.elementor-image-gallery .gallery.gallery-columns-10 .gallery-item{max-width:50%}}@media (max-width:479px){.elementor-image-gallery .gallery.gallery-columns-2 .gallery-item,.elementor-image-gallery .gallery.gallery-columns-3 .gallery-item,.elementor-image-gallery .gallery.gallery-columns-4 .gallery-item,.elementor-image-gallery .gallery.gallery-columns-5 .gallery-item,.elementor-image-gallery .gallery.gallery-columns-6 .gallery-item,.elementor-image-gallery .gallery.gallery-columns-7 .gallery-item,.elementor-image-gallery .gallery.gallery-columns-8 .gallery-item,.elementor-image-gallery .gallery.gallery-columns-9 .gallery-item,.elementor-image-gallery .gallery.gallery-columns-10 .gallery-item{max-width:100%}}<\/style>\t\t<div class=\"elementor-image-gallery\">\n\t\t\t\n\t\t<style type=\"text\/css\">\n\t\t\t#gallery-1 {\n\t\t\t\tmargin: auto;\n\t\t\t}\n\t\t\t#gallery-1 .gallery-item {\n\t\t\t\tfloat: left;\n\t\t\t\tmargin-top: 10px;\n\t\t\t\ttext-align: center;\n\t\t\t\twidth: 33%;\n\t\t\t}\n\t\t\t#gallery-1 img {\n\t\t\t\tborder: 2px solid #cfcfcf;\n\t\t\t}\n\t\t\t#gallery-1 .gallery-caption {\n\t\t\t\tmargin-left: 0;\n\t\t\t}\n\t\t\t\/* see gallery_shortcode() in wp-includes\/media.php *\/\n\t\t<\/style>\n\t\t<div id='gallery-1' class='gallery galleryid-5905 gallery-columns-3 gallery-size-full'><dl class='gallery-item'>\n\t\t\t<dt class='gallery-icon portrait'>\n\t\t\t\t<a data-elementor-open-lightbox=\"yes\" data-elementor-lightbox-slideshow=\"6536d11\" data-elementor-lightbox-title=\"FOTO LOS 3\" data-e-action-hash=\"#elementor-action%3Aaction%3Dlightbox%26settings%3DeyJpZCI6NTQ0OCwidXJsIjoiaHR0cHM6XC9cL3d3dy5wZXJzb25hc3ljaXVkYWQuZXNcL3dwLWNvbnRlbnRcL3VwbG9hZHNcLzIwMjVcLzA1XC9GT1RPLUxPUy0zLmpwZyIsInNsaWRlc2hvdyI6IjY1MzZkMTEifQ%3D%3D\" href='https:\/\/www.personasyciudad.es\/wp-content\/uploads\/2025\/05\/FOTO-LOS-3.jpg'><img loading=\"lazy\" decoding=\"async\" width=\"1200\" height=\"1600\" src=\"https:\/\/www.personasyciudad.es\/wp-content\/uploads\/2025\/05\/FOTO-LOS-3.jpg\" class=\"attachment-full size-full\" alt=\"\" srcset=\"https:\/\/www.personasyciudad.es\/wp-content\/uploads\/2025\/05\/FOTO-LOS-3.jpg 1200w, https:\/\/www.personasyciudad.es\/wp-content\/uploads\/2025\/05\/FOTO-LOS-3-225x300.jpg 225w, https:\/\/www.personasyciudad.es\/wp-content\/uploads\/2025\/05\/FOTO-LOS-3-768x1024.jpg 768w, https:\/\/www.personasyciudad.es\/wp-content\/uploads\/2025\/05\/FOTO-LOS-3-1152x1536.jpg 1152w\" sizes=\"(max-width: 1200px) 100vw, 1200px\" \/><\/a>\n\t\t\t<\/dt><\/dl><dl class='gallery-item'>\n\t\t\t<dt class='gallery-icon portrait'>\n\t\t\t\t<a data-elementor-open-lightbox=\"yes\" data-elementor-lightbox-slideshow=\"6536d11\" data-elementor-lightbox-title=\"FIRMA ALCALDE\" data-e-action-hash=\"#elementor-action%3Aaction%3Dlightbox%26settings%3DeyJpZCI6NTQ1NiwidXJsIjoiaHR0cHM6XC9cL3d3dy5wZXJzb25hc3ljaXVkYWQuZXNcL3dwLWNvbnRlbnRcL3VwbG9hZHNcLzIwMjVcLzA1XC9GSVJNQS1BTENBTERFLmpwZWciLCJzbGlkZXNob3ciOiI2NTM2ZDExIn0%3D\" href='https:\/\/www.personasyciudad.es\/wp-content\/uploads\/2025\/05\/FIRMA-ALCALDE.jpeg'><img loading=\"lazy\" decoding=\"async\" width=\"1200\" height=\"1600\" src=\"https:\/\/www.personasyciudad.es\/wp-content\/uploads\/2025\/05\/FIRMA-ALCALDE.jpeg\" class=\"attachment-full size-full\" alt=\"\" srcset=\"https:\/\/www.personasyciudad.es\/wp-content\/uploads\/2025\/05\/FIRMA-ALCALDE.jpeg 1200w, https:\/\/www.personasyciudad.es\/wp-content\/uploads\/2025\/05\/FIRMA-ALCALDE-225x300.jpeg 225w, https:\/\/www.personasyciudad.es\/wp-content\/uploads\/2025\/05\/FIRMA-ALCALDE-768x1024.jpeg 768w, https:\/\/www.personasyciudad.es\/wp-content\/uploads\/2025\/05\/FIRMA-ALCALDE-1152x1536.jpeg 1152w\" sizes=\"(max-width: 1200px) 100vw, 1200px\" \/><\/a>\n\t\t\t<\/dt><\/dl><dl class='gallery-item'>\n\t\t\t<dt class='gallery-icon portrait'>\n\t\t\t\t<a data-elementor-open-lightbox=\"yes\" data-elementor-lightbox-slideshow=\"6536d11\" data-elementor-lightbox-title=\"FIRMA ROSA\" data-e-action-hash=\"#elementor-action%3Aaction%3Dlightbox%26settings%3DeyJpZCI6NTQ1NSwidXJsIjoiaHR0cHM6XC9cL3d3dy5wZXJzb25hc3ljaXVkYWQuZXNcL3dwLWNvbnRlbnRcL3VwbG9hZHNcLzIwMjVcLzA1XC9GSVJNQS1ST1NBLmpwZWciLCJzbGlkZXNob3ciOiI2NTM2ZDExIn0%3D\" href='https:\/\/www.personasyciudad.es\/wp-content\/uploads\/2025\/05\/FIRMA-ROSA.jpeg'><img loading=\"lazy\" decoding=\"async\" width=\"1200\" height=\"1600\" src=\"https:\/\/www.personasyciudad.es\/wp-content\/uploads\/2025\/05\/FIRMA-ROSA.jpeg\" class=\"attachment-full size-full\" alt=\"\" srcset=\"https:\/\/www.personasyciudad.es\/wp-content\/uploads\/2025\/05\/FIRMA-ROSA.jpeg 1200w, https:\/\/www.personasyciudad.es\/wp-content\/uploads\/2025\/05\/FIRMA-ROSA-225x300.jpeg 225w, https:\/\/www.personasyciudad.es\/wp-content\/uploads\/2025\/05\/FIRMA-ROSA-768x1024.jpeg 768w, https:\/\/www.personasyciudad.es\/wp-content\/uploads\/2025\/05\/FIRMA-ROSA-1152x1536.jpeg 1152w\" sizes=\"(max-width: 1200px) 100vw, 1200px\" \/><\/a>\n\t\t\t<\/dt><\/dl><br style=\"clear: both\" \/><dl class='gallery-item'>\n\t\t\t<dt class='gallery-icon portrait'>\n\t\t\t\t<a data-elementor-open-lightbox=\"yes\" data-elementor-lightbox-slideshow=\"6536d11\" data-elementor-lightbox-title=\"FRIMA URDECON\" data-e-action-hash=\"#elementor-action%3Aaction%3Dlightbox%26settings%3DeyJpZCI6NTQ1NywidXJsIjoiaHR0cHM6XC9cL3d3dy5wZXJzb25hc3ljaXVkYWQuZXNcL3dwLWNvbnRlbnRcL3VwbG9hZHNcLzIwMjVcLzA1XC9GUklNQS1VUkRFQ09OLmpwZWciLCJzbGlkZXNob3ciOiI2NTM2ZDExIn0%3D\" href='https:\/\/www.personasyciudad.es\/wp-content\/uploads\/2025\/05\/FRIMA-URDECON.jpeg'><img loading=\"lazy\" decoding=\"async\" width=\"1200\" height=\"1600\" src=\"https:\/\/www.personasyciudad.es\/wp-content\/uploads\/2025\/05\/FRIMA-URDECON.jpeg\" class=\"attachment-full size-full\" alt=\"\" srcset=\"https:\/\/www.personasyciudad.es\/wp-content\/uploads\/2025\/05\/FRIMA-URDECON.jpeg 1200w, https:\/\/www.personasyciudad.es\/wp-content\/uploads\/2025\/05\/FRIMA-URDECON-225x300.jpeg 225w, https:\/\/www.personasyciudad.es\/wp-content\/uploads\/2025\/05\/FRIMA-URDECON-768x1024.jpeg 768w, https:\/\/www.personasyciudad.es\/wp-content\/uploads\/2025\/05\/FRIMA-URDECON-1152x1536.jpeg 1152w\" sizes=\"(max-width: 1200px) 100vw, 1200px\" \/><\/a>\n\t\t\t<\/dt><\/dl><dl class='gallery-item'>\n\t\t\t<dt class='gallery-icon portrait'>\n\t\t\t\t<a data-elementor-open-lightbox=\"yes\" data-elementor-lightbox-slideshow=\"6536d11\" data-elementor-lightbox-title=\"DIR SEGURIDAD_SALUD\" data-e-action-hash=\"#elementor-action%3Aaction%3Dlightbox%26settings%3DeyJpZCI6NTQ0NywidXJsIjoiaHR0cHM6XC9cL3d3dy5wZXJzb25hc3ljaXVkYWQuZXNcL3dwLWNvbnRlbnRcL3VwbG9hZHNcLzIwMjVcLzA1XC9ESVItU0VHVVJJREFEX1NBTFVELmpwZWciLCJzbGlkZXNob3ciOiI2NTM2ZDExIn0%3D\" href='https:\/\/www.personasyciudad.es\/wp-content\/uploads\/2025\/05\/DIR-SEGURIDAD_SALUD.jpeg'><img loading=\"lazy\" decoding=\"async\" width=\"1200\" height=\"1600\" src=\"https:\/\/www.personasyciudad.es\/wp-content\/uploads\/2025\/05\/DIR-SEGURIDAD_SALUD.jpeg\" class=\"attachment-full size-full\" alt=\"\" srcset=\"https:\/\/www.personasyciudad.es\/wp-content\/uploads\/2025\/05\/DIR-SEGURIDAD_SALUD.jpeg 1200w, https:\/\/www.personasyciudad.es\/wp-content\/uploads\/2025\/05\/DIR-SEGURIDAD_SALUD-225x300.jpeg 225w, https:\/\/www.personasyciudad.es\/wp-content\/uploads\/2025\/05\/DIR-SEGURIDAD_SALUD-768x1024.jpeg 768w, https:\/\/www.personasyciudad.es\/wp-content\/uploads\/2025\/05\/DIR-SEGURIDAD_SALUD-1152x1536.jpeg 1152w\" sizes=\"(max-width: 1200px) 100vw, 1200px\" \/><\/a>\n\t\t\t<\/dt><\/dl><dl class='gallery-item'>\n\t\t\t<dt class='gallery-icon portrait'>\n\t\t\t\t<a data-elementor-open-lightbox=\"yes\" data-elementor-lightbox-slideshow=\"6536d11\" data-elementor-lightbox-title=\"FIRMA DIR OBRA\" data-e-action-hash=\"#elementor-action%3Aaction%3Dlightbox%26settings%3DeyJpZCI6NTQ1NCwidXJsIjoiaHR0cHM6XC9cL3d3dy5wZXJzb25hc3ljaXVkYWQuZXNcL3dwLWNvbnRlbnRcL3VwbG9hZHNcLzIwMjVcLzA1XC9GSVJNQS1ESVItT0JSQS5qcGVnIiwic2xpZGVzaG93IjoiNjUzNmQxMSJ9\" href='https:\/\/www.personasyciudad.es\/wp-content\/uploads\/2025\/05\/FIRMA-DIR-OBRA.jpeg'><img loading=\"lazy\" decoding=\"async\" width=\"1200\" height=\"1600\" src=\"https:\/\/www.personasyciudad.es\/wp-content\/uploads\/2025\/05\/FIRMA-DIR-OBRA.jpeg\" class=\"attachment-full size-full\" alt=\"\" srcset=\"https:\/\/www.personasyciudad.es\/wp-content\/uploads\/2025\/05\/FIRMA-DIR-OBRA.jpeg 1200w, https:\/\/www.personasyciudad.es\/wp-content\/uploads\/2025\/05\/FIRMA-DIR-OBRA-225x300.jpeg 225w, https:\/\/www.personasyciudad.es\/wp-content\/uploads\/2025\/05\/FIRMA-DIR-OBRA-768x1024.jpeg 768w, https:\/\/www.personasyciudad.es\/wp-content\/uploads\/2025\/05\/FIRMA-DIR-OBRA-1152x1536.jpeg 1152w\" sizes=\"(max-width: 1200px) 100vw, 1200px\" \/><\/a>\n\t\t\t<\/dt><\/dl><br style=\"clear: both\" \/>\n\t\t<\/div>\n\t\t<\/div>\n\t\t\t\t<\/div>\n\t\t\t\t<\/div>\n\t\t\t\t\t<\/div>\n\t\t<\/div>\n\t\t\t\t\t<\/div>\n\t\t<\/section>\n\t\t\t\t<\/div>\n\t\t","protected":false},"excerpt":{"rendered":"<p>Es dona llum verda a l&#8217;inici de les obres de reurbanitzaci\u00f3 amb la firma de l&#8217;acta de replanteig d&#8217;obres. Sant Joan d&#8217;Alacant, 5 de maig de 2025. La gerent Rosa Cussac Crespo, l&#8217;alcalde Santiago Rom\u00e1n, i la regidora de vivenda Rosario Tom\u00e1s, han presentat oficialment l&#8217;inici de les obres de reurbanitzaci\u00f3 del carrer Navarregui, un [&hellip;]<\/p>\n","protected":false},"author":3,"featured_media":5466,"comment_status":"closed","ping_status":"open","sticky":false,"template":"","format":"standard","meta":{"footnotes":""},"categories":[26],"tags":[],"class_list":["post-5905","post","type-post","status-publish","format-standard","has-post-thumbnail","hentry","category-noticies"],"yoast_head":"<!-- This site is optimized with the Yoast SEO plugin v27.4 - https:\/\/yoast.com\/product\/yoast-seo-wordpress\/ -->\n<title>Personas y Ciudad i l&#039;ajuntament presenten les obres de Rehabilitaci\u00f3 de millora d&#039;Efici\u00e8ncia Energ\u00e8tica en els Edificis del Programa de Barris (ERRP). - Personas y Ciudad<\/title>\n<meta name=\"robots\" content=\"index, follow, max-snippet:-1, max-image-preview:large, max-video-preview:-1\" \/>\n<link rel=\"canonical\" href=\"https:\/\/www.personasyciudad.es\/personas-y-ciudad-y-el-ayuntamiento-presentan-las-obras-de-rehabilitacion-de-mejora-de-eficiencia-energetica-en-los-edificios-del-programa-de-barrios-errp\/\" \/>\n<meta property=\"og:locale\" content=\"ca_ES\" \/>\n<meta property=\"og:type\" content=\"article\" \/>\n<meta property=\"og:title\" content=\"Personas y Ciudad i l&#039;ajuntament presenten les obres de Rehabilitaci\u00f3 de millora d&#039;Efici\u00e8ncia Energ\u00e8tica en els Edificis del Programa de Barris (ERRP). - Personas y Ciudad\" \/>\n<meta property=\"og:description\" content=\"Es dona llum verda a l&#8217;inici de les obres de reurbanitzaci\u00f3 amb la firma de l&#8217;acta de replanteig d&#8217;obres. Sant Joan d&#8217;Alacant, 5 de maig de 2025. La gerent Rosa Cussac Crespo, l&#8217;alcalde Santiago Rom\u00e1n, i la regidora de vivenda Rosario Tom\u00e1s, han presentat oficialment l&#8217;inici de les obres de reurbanitzaci\u00f3 del carrer Navarregui, un [&hellip;]\" \/>\n<meta property=\"og:url\" content=\"https:\/\/www.personasyciudad.es\/personas-y-ciudad-y-el-ayuntamiento-presentan-las-obras-de-rehabilitacion-de-mejora-de-eficiencia-energetica-en-los-edificios-del-programa-de-barrios-errp\/\" \/>\n<meta property=\"og:site_name\" content=\"Personas y Ciudad\" \/>\n<meta property=\"article:published_time\" content=\"2025-05-06T08:10:23+00:00\" \/>\n<meta property=\"article:modified_time\" content=\"2025-11-25T11:52:32+00:00\" \/>\n<meta property=\"og:image\" content=\"https:\/\/www.personasyciudad.es\/wp-content\/uploads\/2025\/05\/WhatsApp-Image-2025-05-05-at-17.15.31-8.jpeg\" \/>\n\t<meta property=\"og:image:width\" content=\"1500\" \/>\n\t<meta property=\"og:image:height\" content=\"1015\" \/>\n\t<meta property=\"og:image:type\" content=\"image\/jpeg\" \/>\n<meta name=\"author\" content=\"PYCSA\" \/>\n<meta name=\"twitter:card\" content=\"summary_large_image\" \/>\n<meta name=\"twitter:label1\" content=\"Written by\" \/>\n\t<meta name=\"twitter:data1\" content=\"PYCSA\" \/>\n\t<meta name=\"twitter:label2\" content=\"Est. reading time\" \/>\n\t<meta name=\"twitter:data2\" content=\"2 minutes\" \/>\n<script type=\"application\/ld+json\" class=\"yoast-schema-graph\">{\"@context\":\"https:\\\/\\\/schema.org\",\"@graph\":[{\"@type\":\"Article\",\"@id\":\"https:\\\/\\\/www.personasyciudad.es\\\/personas-y-ciudad-y-el-ayuntamiento-presentan-las-obras-de-rehabilitacion-de-mejora-de-eficiencia-energetica-en-los-edificios-del-programa-de-barrios-errp\\\/#article\",\"isPartOf\":{\"@id\":\"https:\\\/\\\/www.personasyciudad.es\\\/personas-y-ciudad-y-el-ayuntamiento-presentan-las-obras-de-rehabilitacion-de-mejora-de-eficiencia-energetica-en-los-edificios-del-programa-de-barrios-errp\\\/\"},\"author\":{\"name\":\"PYCSA\",\"@id\":\"https:\\\/\\\/www.personasyciudad.es\\\/#\\\/schema\\\/person\\\/af11b25079a195b40c0b6fb58e76d138\"},\"headline\":\"Personas y Ciudad i l&#8217;ajuntament presenten les obres de Rehabilitaci\u00f3 de millora d&#8217;Efici\u00e8ncia Energ\u00e8tica en els Edificis del Programa de Barris (ERRP).\",\"datePublished\":\"2025-05-06T08:10:23+00:00\",\"dateModified\":\"2025-11-25T11:52:32+00:00\",\"mainEntityOfPage\":{\"@id\":\"https:\\\/\\\/www.personasyciudad.es\\\/personas-y-ciudad-y-el-ayuntamiento-presentan-las-obras-de-rehabilitacion-de-mejora-de-eficiencia-energetica-en-los-edificios-del-programa-de-barrios-errp\\\/\"},\"wordCount\":384,\"publisher\":{\"@id\":\"https:\\\/\\\/www.personasyciudad.es\\\/#organization\"},\"image\":{\"@id\":\"https:\\\/\\\/www.personasyciudad.es\\\/personas-y-ciudad-y-el-ayuntamiento-presentan-las-obras-de-rehabilitacion-de-mejora-de-eficiencia-energetica-en-los-edificios-del-programa-de-barrios-errp\\\/#primaryimage\"},\"thumbnailUrl\":\"https:\\\/\\\/www.personasyciudad.es\\\/wp-content\\\/uploads\\\/2025\\\/05\\\/WhatsApp-Image-2025-05-05-at-17.15.31-8.jpeg\",\"articleSection\":[\"Noticies\"],\"inLanguage\":\"ca-ES\"},{\"@type\":\"WebPage\",\"@id\":\"https:\\\/\\\/www.personasyciudad.es\\\/personas-y-ciudad-y-el-ayuntamiento-presentan-las-obras-de-rehabilitacion-de-mejora-de-eficiencia-energetica-en-los-edificios-del-programa-de-barrios-errp\\\/\",\"url\":\"https:\\\/\\\/www.personasyciudad.es\\\/personas-y-ciudad-y-el-ayuntamiento-presentan-las-obras-de-rehabilitacion-de-mejora-de-eficiencia-energetica-en-los-edificios-del-programa-de-barrios-errp\\\/\",\"name\":\"Personas y Ciudad i l'ajuntament presenten les obres de Rehabilitaci\u00f3 de millora d'Efici\u00e8ncia Energ\u00e8tica en els Edificis del Programa de Barris (ERRP). - Personas y Ciudad\",\"isPartOf\":{\"@id\":\"https:\\\/\\\/www.personasyciudad.es\\\/#website\"},\"primaryImageOfPage\":{\"@id\":\"https:\\\/\\\/www.personasyciudad.es\\\/personas-y-ciudad-y-el-ayuntamiento-presentan-las-obras-de-rehabilitacion-de-mejora-de-eficiencia-energetica-en-los-edificios-del-programa-de-barrios-errp\\\/#primaryimage\"},\"image\":{\"@id\":\"https:\\\/\\\/www.personasyciudad.es\\\/personas-y-ciudad-y-el-ayuntamiento-presentan-las-obras-de-rehabilitacion-de-mejora-de-eficiencia-energetica-en-los-edificios-del-programa-de-barrios-errp\\\/#primaryimage\"},\"thumbnailUrl\":\"https:\\\/\\\/www.personasyciudad.es\\\/wp-content\\\/uploads\\\/2025\\\/05\\\/WhatsApp-Image-2025-05-05-at-17.15.31-8.jpeg\",\"datePublished\":\"2025-05-06T08:10:23+00:00\",\"dateModified\":\"2025-11-25T11:52:32+00:00\",\"breadcrumb\":{\"@id\":\"https:\\\/\\\/www.personasyciudad.es\\\/personas-y-ciudad-y-el-ayuntamiento-presentan-las-obras-de-rehabilitacion-de-mejora-de-eficiencia-energetica-en-los-edificios-del-programa-de-barrios-errp\\\/#breadcrumb\"},\"inLanguage\":\"ca-ES\",\"potentialAction\":[{\"@type\":\"ReadAction\",\"target\":[\"https:\\\/\\\/www.personasyciudad.es\\\/personas-y-ciudad-y-el-ayuntamiento-presentan-las-obras-de-rehabilitacion-de-mejora-de-eficiencia-energetica-en-los-edificios-del-programa-de-barrios-errp\\\/\"]}]},{\"@type\":\"ImageObject\",\"inLanguage\":\"ca-ES\",\"@id\":\"https:\\\/\\\/www.personasyciudad.es\\\/personas-y-ciudad-y-el-ayuntamiento-presentan-las-obras-de-rehabilitacion-de-mejora-de-eficiencia-energetica-en-los-edificios-del-programa-de-barrios-errp\\\/#primaryimage\",\"url\":\"https:\\\/\\\/www.personasyciudad.es\\\/wp-content\\\/uploads\\\/2025\\\/05\\\/WhatsApp-Image-2025-05-05-at-17.15.31-8.jpeg\",\"contentUrl\":\"https:\\\/\\\/www.personasyciudad.es\\\/wp-content\\\/uploads\\\/2025\\\/05\\\/WhatsApp-Image-2025-05-05-at-17.15.31-8.jpeg\",\"width\":1500,\"height\":1015},{\"@type\":\"BreadcrumbList\",\"@id\":\"https:\\\/\\\/www.personasyciudad.es\\\/personas-y-ciudad-y-el-ayuntamiento-presentan-las-obras-de-rehabilitacion-de-mejora-de-eficiencia-energetica-en-los-edificios-del-programa-de-barrios-errp\\\/#breadcrumb\",\"itemListElement\":[{\"@type\":\"ListItem\",\"position\":1,\"name\":\"Portada\",\"item\":\"https:\\\/\\\/www.personasyciudad.es\\\/\"},{\"@type\":\"ListItem\",\"position\":2,\"name\":\"Personas y Ciudad i l&#8217;ajuntament presenten les obres de Rehabilitaci\u00f3 de millora d&#8217;Efici\u00e8ncia Energ\u00e8tica en els Edificis del Programa de Barris (ERRP).\"}]},{\"@type\":\"WebSite\",\"@id\":\"https:\\\/\\\/www.personasyciudad.es\\\/#website\",\"url\":\"https:\\\/\\\/www.personasyciudad.es\\\/\",\"name\":\"Personas y Ciudad\",\"description\":\"Actividades del Ayuntamiento de Sant Joan d\u2019Alacant\",\"publisher\":{\"@id\":\"https:\\\/\\\/www.personasyciudad.es\\\/#organization\"},\"potentialAction\":[{\"@type\":\"SearchAction\",\"target\":{\"@type\":\"EntryPoint\",\"urlTemplate\":\"https:\\\/\\\/www.personasyciudad.es\\\/?s={search_term_string}\"},\"query-input\":{\"@type\":\"PropertyValueSpecification\",\"valueRequired\":true,\"valueName\":\"search_term_string\"}}],\"inLanguage\":\"ca-ES\"},{\"@type\":\"Organization\",\"@id\":\"https:\\\/\\\/www.personasyciudad.es\\\/#organization\",\"name\":\"personas y ciudad\",\"url\":\"https:\\\/\\\/www.personasyciudad.es\\\/\",\"logo\":{\"@type\":\"ImageObject\",\"inLanguage\":\"ca-ES\",\"@id\":\"https:\\\/\\\/www.personasyciudad.es\\\/#\\\/schema\\\/logo\\\/image\\\/\",\"url\":\"https:\\\/\\\/www.personasyciudad.es\\\/wp-content\\\/uploads\\\/2023\\\/04\\\/logo_positivo.png\",\"contentUrl\":\"https:\\\/\\\/www.personasyciudad.es\\\/wp-content\\\/uploads\\\/2023\\\/04\\\/logo_positivo.png\",\"width\":500,\"height\":510,\"caption\":\"personas y ciudad\"},\"image\":{\"@id\":\"https:\\\/\\\/www.personasyciudad.es\\\/#\\\/schema\\\/logo\\\/image\\\/\"}},{\"@type\":\"Person\",\"@id\":\"https:\\\/\\\/www.personasyciudad.es\\\/#\\\/schema\\\/person\\\/af11b25079a195b40c0b6fb58e76d138\",\"name\":\"PYCSA\",\"url\":\"https:\\\/\\\/www.personasyciudad.es\\\/ca-es\\\/author\\\/pycsa\\\/\"}]}<\/script>\n<!-- \/ Yoast SEO plugin. -->","yoast_head_json":{"title":"Personas y Ciudad i l'ajuntament presenten les obres de Rehabilitaci\u00f3 de millora d'Efici\u00e8ncia Energ\u00e8tica en els Edificis del Programa de Barris (ERRP). - Personas y Ciudad","robots":{"index":"index","follow":"follow","max-snippet":"max-snippet:-1","max-image-preview":"max-image-preview:large","max-video-preview":"max-video-preview:-1"},"canonical":"https:\/\/www.personasyciudad.es\/personas-y-ciudad-y-el-ayuntamiento-presentan-las-obras-de-rehabilitacion-de-mejora-de-eficiencia-energetica-en-los-edificios-del-programa-de-barrios-errp\/","og_locale":"ca_ES","og_type":"article","og_title":"Personas y Ciudad i l'ajuntament presenten les obres de Rehabilitaci\u00f3 de millora d'Efici\u00e8ncia Energ\u00e8tica en els Edificis del Programa de Barris (ERRP). - Personas y Ciudad","og_description":"Es dona llum verda a l&#8217;inici de les obres de reurbanitzaci\u00f3 amb la firma de l&#8217;acta de replanteig d&#8217;obres. Sant Joan d&#8217;Alacant, 5 de maig de 2025. La gerent Rosa Cussac Crespo, l&#8217;alcalde Santiago Rom\u00e1n, i la regidora de vivenda Rosario Tom\u00e1s, han presentat oficialment l&#8217;inici de les obres de reurbanitzaci\u00f3 del carrer Navarregui, un [&hellip;]","og_url":"https:\/\/www.personasyciudad.es\/personas-y-ciudad-y-el-ayuntamiento-presentan-las-obras-de-rehabilitacion-de-mejora-de-eficiencia-energetica-en-los-edificios-del-programa-de-barrios-errp\/","og_site_name":"Personas y Ciudad","article_published_time":"2025-05-06T08:10:23+00:00","article_modified_time":"2025-11-25T11:52:32+00:00","og_image":[{"width":1500,"height":1015,"url":"https:\/\/www.personasyciudad.es\/wp-content\/uploads\/2025\/05\/WhatsApp-Image-2025-05-05-at-17.15.31-8.jpeg","type":"image\/jpeg"}],"author":"PYCSA","twitter_card":"summary_large_image","twitter_misc":{"Written by":"PYCSA","Est. reading time":"2 minutes"},"schema":{"@context":"https:\/\/schema.org","@graph":[{"@type":"Article","@id":"https:\/\/www.personasyciudad.es\/personas-y-ciudad-y-el-ayuntamiento-presentan-las-obras-de-rehabilitacion-de-mejora-de-eficiencia-energetica-en-los-edificios-del-programa-de-barrios-errp\/#article","isPartOf":{"@id":"https:\/\/www.personasyciudad.es\/personas-y-ciudad-y-el-ayuntamiento-presentan-las-obras-de-rehabilitacion-de-mejora-de-eficiencia-energetica-en-los-edificios-del-programa-de-barrios-errp\/"},"author":{"name":"PYCSA","@id":"https:\/\/www.personasyciudad.es\/#\/schema\/person\/af11b25079a195b40c0b6fb58e76d138"},"headline":"Personas y Ciudad i l&#8217;ajuntament presenten les obres de Rehabilitaci\u00f3 de millora d&#8217;Efici\u00e8ncia Energ\u00e8tica en els Edificis del Programa de Barris (ERRP).","datePublished":"2025-05-06T08:10:23+00:00","dateModified":"2025-11-25T11:52:32+00:00","mainEntityOfPage":{"@id":"https:\/\/www.personasyciudad.es\/personas-y-ciudad-y-el-ayuntamiento-presentan-las-obras-de-rehabilitacion-de-mejora-de-eficiencia-energetica-en-los-edificios-del-programa-de-barrios-errp\/"},"wordCount":384,"publisher":{"@id":"https:\/\/www.personasyciudad.es\/#organization"},"image":{"@id":"https:\/\/www.personasyciudad.es\/personas-y-ciudad-y-el-ayuntamiento-presentan-las-obras-de-rehabilitacion-de-mejora-de-eficiencia-energetica-en-los-edificios-del-programa-de-barrios-errp\/#primaryimage"},"thumbnailUrl":"https:\/\/www.personasyciudad.es\/wp-content\/uploads\/2025\/05\/WhatsApp-Image-2025-05-05-at-17.15.31-8.jpeg","articleSection":["Noticies"],"inLanguage":"ca-ES"},{"@type":"WebPage","@id":"https:\/\/www.personasyciudad.es\/personas-y-ciudad-y-el-ayuntamiento-presentan-las-obras-de-rehabilitacion-de-mejora-de-eficiencia-energetica-en-los-edificios-del-programa-de-barrios-errp\/","url":"https:\/\/www.personasyciudad.es\/personas-y-ciudad-y-el-ayuntamiento-presentan-las-obras-de-rehabilitacion-de-mejora-de-eficiencia-energetica-en-los-edificios-del-programa-de-barrios-errp\/","name":"Personas y Ciudad i l'ajuntament presenten les obres de Rehabilitaci\u00f3 de millora d'Efici\u00e8ncia Energ\u00e8tica en els Edificis del Programa de Barris (ERRP). - Personas y Ciudad","isPartOf":{"@id":"https:\/\/www.personasyciudad.es\/#website"},"primaryImageOfPage":{"@id":"https:\/\/www.personasyciudad.es\/personas-y-ciudad-y-el-ayuntamiento-presentan-las-obras-de-rehabilitacion-de-mejora-de-eficiencia-energetica-en-los-edificios-del-programa-de-barrios-errp\/#primaryimage"},"image":{"@id":"https:\/\/www.personasyciudad.es\/personas-y-ciudad-y-el-ayuntamiento-presentan-las-obras-de-rehabilitacion-de-mejora-de-eficiencia-energetica-en-los-edificios-del-programa-de-barrios-errp\/#primaryimage"},"thumbnailUrl":"https:\/\/www.personasyciudad.es\/wp-content\/uploads\/2025\/05\/WhatsApp-Image-2025-05-05-at-17.15.31-8.jpeg","datePublished":"2025-05-06T08:10:23+00:00","dateModified":"2025-11-25T11:52:32+00:00","breadcrumb":{"@id":"https:\/\/www.personasyciudad.es\/personas-y-ciudad-y-el-ayuntamiento-presentan-las-obras-de-rehabilitacion-de-mejora-de-eficiencia-energetica-en-los-edificios-del-programa-de-barrios-errp\/#breadcrumb"},"inLanguage":"ca-ES","potentialAction":[{"@type":"ReadAction","target":["https:\/\/www.personasyciudad.es\/personas-y-ciudad-y-el-ayuntamiento-presentan-las-obras-de-rehabilitacion-de-mejora-de-eficiencia-energetica-en-los-edificios-del-programa-de-barrios-errp\/"]}]},{"@type":"ImageObject","inLanguage":"ca-ES","@id":"https:\/\/www.personasyciudad.es\/personas-y-ciudad-y-el-ayuntamiento-presentan-las-obras-de-rehabilitacion-de-mejora-de-eficiencia-energetica-en-los-edificios-del-programa-de-barrios-errp\/#primaryimage","url":"https:\/\/www.personasyciudad.es\/wp-content\/uploads\/2025\/05\/WhatsApp-Image-2025-05-05-at-17.15.31-8.jpeg","contentUrl":"https:\/\/www.personasyciudad.es\/wp-content\/uploads\/2025\/05\/WhatsApp-Image-2025-05-05-at-17.15.31-8.jpeg","width":1500,"height":1015},{"@type":"BreadcrumbList","@id":"https:\/\/www.personasyciudad.es\/personas-y-ciudad-y-el-ayuntamiento-presentan-las-obras-de-rehabilitacion-de-mejora-de-eficiencia-energetica-en-los-edificios-del-programa-de-barrios-errp\/#breadcrumb","itemListElement":[{"@type":"ListItem","position":1,"name":"Portada","item":"https:\/\/www.personasyciudad.es\/"},{"@type":"ListItem","position":2,"name":"Personas y Ciudad i l&#8217;ajuntament presenten les obres de Rehabilitaci\u00f3 de millora d&#8217;Efici\u00e8ncia Energ\u00e8tica en els Edificis del Programa de Barris (ERRP)."}]},{"@type":"WebSite","@id":"https:\/\/www.personasyciudad.es\/#website","url":"https:\/\/www.personasyciudad.es\/","name":"Personas y Ciudad","description":"Actividades del Ayuntamiento de Sant Joan d\u2019Alacant","publisher":{"@id":"https:\/\/www.personasyciudad.es\/#organization"},"potentialAction":[{"@type":"SearchAction","target":{"@type":"EntryPoint","urlTemplate":"https:\/\/www.personasyciudad.es\/?s={search_term_string}"},"query-input":{"@type":"PropertyValueSpecification","valueRequired":true,"valueName":"search_term_string"}}],"inLanguage":"ca-ES"},{"@type":"Organization","@id":"https:\/\/www.personasyciudad.es\/#organization","name":"personas y ciudad","url":"https:\/\/www.personasyciudad.es\/","logo":{"@type":"ImageObject","inLanguage":"ca-ES","@id":"https:\/\/www.personasyciudad.es\/#\/schema\/logo\/image\/","url":"https:\/\/www.personasyciudad.es\/wp-content\/uploads\/2023\/04\/logo_positivo.png","contentUrl":"https:\/\/www.personasyciudad.es\/wp-content\/uploads\/2023\/04\/logo_positivo.png","width":500,"height":510,"caption":"personas y ciudad"},"image":{"@id":"https:\/\/www.personasyciudad.es\/#\/schema\/logo\/image\/"}},{"@type":"Person","@id":"https:\/\/www.personasyciudad.es\/#\/schema\/person\/af11b25079a195b40c0b6fb58e76d138","name":"PYCSA","url":"https:\/\/www.personasyciudad.es\/ca-es\/author\/pycsa\/"}]}},"_links":{"self":[{"href":"https:\/\/www.personasyciudad.es\/ca-es\/wp-json\/wp\/v2\/posts\/5905","targetHints":{"allow":["GET"]}}],"collection":[{"href":"https:\/\/www.personasyciudad.es\/ca-es\/wp-json\/wp\/v2\/posts"}],"about":[{"href":"https:\/\/www.personasyciudad.es\/ca-es\/wp-json\/wp\/v2\/types\/post"}],"author":[{"embeddable":true,"href":"https:\/\/www.personasyciudad.es\/ca-es\/wp-json\/wp\/v2\/users\/3"}],"replies":[{"embeddable":true,"href":"https:\/\/www.personasyciudad.es\/ca-es\/wp-json\/wp\/v2\/comments?post=5905"}],"version-history":[{"count":55,"href":"https:\/\/www.personasyciudad.es\/ca-es\/wp-json\/wp\/v2\/posts\/5905\/revisions"}],"predecessor-version":[{"id":6577,"href":"https:\/\/www.personasyciudad.es\/ca-es\/wp-json\/wp\/v2\/posts\/5905\/revisions\/6577"}],"wp:featuredmedia":[{"embeddable":true,"href":"https:\/\/www.personasyciudad.es\/ca-es\/wp-json\/wp\/v2\/media\/5466"}],"wp:attachment":[{"href":"https:\/\/www.personasyciudad.es\/ca-es\/wp-json\/wp\/v2\/media?parent=5905"}],"wp:term":[{"taxonomy":"category","embeddable":true,"href":"https:\/\/www.personasyciudad.es\/ca-es\/wp-json\/wp\/v2\/categories?post=5905"},{"taxonomy":"post_tag","embeddable":true,"href":"https:\/\/www.personasyciudad.es\/ca-es\/wp-json\/wp\/v2\/tags?post=5905"}],"curies":[{"name":"wp","href":"https:\/\/api.w.org\/{rel}","templated":true}]}}