{"id":6057,"date":"2025-03-11T09:59:38","date_gmt":"2025-03-11T08:59:38","guid":{"rendered":"https:\/\/www.personasyciudad.es\/clara-samuel-eyene-complix-100-anys\/"},"modified":"2025-06-06T12:26:51","modified_gmt":"2025-06-06T10:26:51","slug":"clara-samuel-eyene-complix-100-anys","status":"publish","type":"post","link":"https:\/\/www.personasyciudad.es\/ca-es\/clara-samuel-eyene-complix-100-anys\/","title":{"rendered":"Clara Samuel Eyene complix 100 anys"},"content":{"rendered":"\t\t<div data-elementor-type=\"wp-post\" data-elementor-id=\"6057\" class=\"elementor elementor-6057 elementor-4768\" data-elementor-post-type=\"post\">\n\t\t\t\t\t\t<section class=\"elementor-section elementor-top-section elementor-element elementor-element-2b5f1cd0 elementor-section-boxed elementor-section-height-default elementor-section-height-default\" data-id=\"2b5f1cd0\" data-element_type=\"section\">\n\t\t\t\t\t\t<div class=\"elementor-container elementor-column-gap-default\">\n\t\t\t\t\t<div class=\"elementor-column elementor-col-100 elementor-top-column elementor-element elementor-element-74efd0d5\" data-id=\"74efd0d5\" data-element_type=\"column\">\n\t\t\t<div class=\"elementor-widget-wrap elementor-element-populated\">\n\t\t\t\t\t\t<div class=\"elementor-element elementor-element-66d973b elementor-widget elementor-widget-image\" data-id=\"66d973b\" data-element_type=\"widget\" data-widget_type=\"image.default\">\n\t\t\t\t<div class=\"elementor-widget-container\">\n\t\t\t<style>\/*! elementor - v3.23.0 - 05-08-2024 *\/\n.elementor-widget-image{text-align:center}.elementor-widget-image a{display:inline-block}.elementor-widget-image a img[src$=\".svg\"]{width:48px}.elementor-widget-image img{vertical-align:middle;display:inline-block}<\/style>\t\t\t\t\t\t\t\t\t\t<img fetchpriority=\"high\" decoding=\"async\" width=\"940\" height=\"529\" src=\"https:\/\/www.personasyciudad.es\/wp-content\/uploads\/2025\/03\/TARTA-100ANOS-1024x576.jpg\" class=\"attachment-large size-large wp-image-5416\" alt=\"\" srcset=\"https:\/\/www.personasyciudad.es\/wp-content\/uploads\/2025\/03\/TARTA-100ANOS-1024x576.jpg 1024w, https:\/\/www.personasyciudad.es\/wp-content\/uploads\/2025\/03\/TARTA-100ANOS-300x169.jpg 300w, https:\/\/www.personasyciudad.es\/wp-content\/uploads\/2025\/03\/TARTA-100ANOS-768x432.jpg 768w, https:\/\/www.personasyciudad.es\/wp-content\/uploads\/2025\/03\/TARTA-100ANOS.jpg 1500w\" sizes=\"(max-width: 940px) 100vw, 940px\" \/>\t\t\t\t\t\t\t\t\t\t\t\t\t<\/div>\n\t\t\t\t<\/div>\n\t\t\t\t<div class=\"elementor-element elementor-element-63b218bc elementor-widget elementor-widget-text-editor\" data-id=\"63b218bc\" data-element_type=\"widget\" data-widget_type=\"text-editor.default\">\n\t\t\t\t<div class=\"elementor-widget-container\">\n\t\t\t<style>\/*! elementor - v3.23.0 - 05-08-2024 *\/\n.elementor-widget-text-editor.elementor-drop-cap-view-stacked .elementor-drop-cap{background-color:#69727d;color:#fff}.elementor-widget-text-editor.elementor-drop-cap-view-framed .elementor-drop-cap{color:#69727d;border:3px solid;background-color:transparent}.elementor-widget-text-editor:not(.elementor-drop-cap-view-default) .elementor-drop-cap{margin-top:8px}.elementor-widget-text-editor:not(.elementor-drop-cap-view-default) .elementor-drop-cap-letter{width:1em;height:1em}.elementor-widget-text-editor .elementor-drop-cap{float:left;text-align:center;line-height:1;font-size:50px}.elementor-widget-text-editor .elementor-drop-cap-letter{display:inline-block}<\/style>\t\t\t\tSant Joan d&#8217;Alacant. 7 de mar\u00e7 de 2025.<br><br>Clara Samuel Eyene celebra un segle de vida al costat del seu equip d&#8217;ajuda a domicili.<br><br>La celebraci\u00f3 va tindre lloc en el seu domicili, acompanyada per algunes de les auxiliars que l&#8217;han atesa durant estos anys, per a homenatjar esta dona lluitadora i plena de vitalitat. No van faltar el past\u00eds d&#8217;aniversari, els ciris amb el n\u00famero 100 i, sobretot, el carinyo i l&#8217;admiraci\u00f3 de totes les presents.<br><br>&#8220;Estem molt agra\u00efts per la confian\u00e7a que donya Clara ha depositat en nosaltres durant tots estos anys.&#8221; afirma Eloisa Valls la responsable del servici. &#8220;El seu benestar \u00e9s la nostra prioritat i ens sentim honrats de poder acompanyar-la en esta etapa de la seua vida&#8221;.<br><br>Des de Personas y Ciudad, S.A.U. volem expressar nostra m\u00e9s sincera enhorabona a donya Clara i desitjar-li molts anys m\u00e9s de felicitat i salut.<br><br>\t\t\t\t\t\t<\/div>\n\t\t\t\t<\/div>\n\t\t\t\t\t<\/div>\n\t\t<\/div>\n\t\t\t\t\t<\/div>\n\t\t<\/section>\n\t\t\t\t<section class=\"elementor-section elementor-top-section elementor-element elementor-element-427d11a elementor-section-boxed elementor-section-height-default elementor-section-height-default\" data-id=\"427d11a\" data-element_type=\"section\">\n\t\t\t\t\t\t<div class=\"elementor-container elementor-column-gap-default\">\n\t\t\t\t\t<div class=\"elementor-column elementor-col-100 elementor-top-column elementor-element elementor-element-c61e30a\" data-id=\"c61e30a\" data-element_type=\"column\">\n\t\t\t<div class=\"elementor-widget-wrap elementor-element-populated\">\n\t\t\t\t\t\t<section class=\"elementor-section elementor-inner-section elementor-element elementor-element-161b65e elementor-section-boxed elementor-section-height-default elementor-section-height-default\" data-id=\"161b65e\" data-element_type=\"section\">\n\t\t\t\t\t\t<div class=\"elementor-container elementor-column-gap-default\">\n\t\t\t\t\t<div class=\"elementor-column elementor-col-33 elementor-inner-column elementor-element elementor-element-c5dc23e\" data-id=\"c5dc23e\" data-element_type=\"column\">\n\t\t\t<div class=\"elementor-widget-wrap elementor-element-populated\">\n\t\t\t\t\t\t<div class=\"elementor-element elementor-element-18cb35c elementor-widget elementor-widget-image\" data-id=\"18cb35c\" data-element_type=\"widget\" data-widget_type=\"image.default\">\n\t\t\t\t<div class=\"elementor-widget-container\">\n\t\t\t\t\t\t\t\t\t\t\t\t\t<img decoding=\"async\" width=\"722\" height=\"963\" src=\"https:\/\/www.personasyciudad.es\/wp-content\/uploads\/2025\/03\/WhatsApp-Image-2025-03-07-at-13.08.54.jpeg\" class=\"attachment-large size-large wp-image-5419\" alt=\"\" srcset=\"https:\/\/www.personasyciudad.es\/wp-content\/uploads\/2025\/03\/WhatsApp-Image-2025-03-07-at-13.08.54.jpeg 722w, https:\/\/www.personasyciudad.es\/wp-content\/uploads\/2025\/03\/WhatsApp-Image-2025-03-07-at-13.08.54-225x300.jpeg 225w\" sizes=\"(max-width: 722px) 100vw, 722px\" \/>\t\t\t\t\t\t\t\t\t\t\t\t\t<\/div>\n\t\t\t\t<\/div>\n\t\t\t\t\t<\/div>\n\t\t<\/div>\n\t\t\t\t<div class=\"elementor-column elementor-col-33 elementor-inner-column elementor-element elementor-element-7277860\" data-id=\"7277860\" data-element_type=\"column\">\n\t\t\t<div class=\"elementor-widget-wrap elementor-element-populated\">\n\t\t\t\t\t\t<div class=\"elementor-element elementor-element-c6b46aa elementor-widget elementor-widget-image\" data-id=\"c6b46aa\" data-element_type=\"widget\" data-widget_type=\"image.default\">\n\t\t\t\t<div class=\"elementor-widget-container\">\n\t\t\t\t\t\t\t\t\t\t\t\t\t<img decoding=\"async\" width=\"721\" height=\"1000\" src=\"https:\/\/www.personasyciudad.es\/wp-content\/uploads\/2025\/03\/WhatsApp-Image-2025-03-07-at-13.11.52-1.jpeg\" class=\"attachment-large size-large wp-image-5417\" alt=\"\" srcset=\"https:\/\/www.personasyciudad.es\/wp-content\/uploads\/2025\/03\/WhatsApp-Image-2025-03-07-at-13.11.52-1.jpeg 721w, https:\/\/www.personasyciudad.es\/wp-content\/uploads\/2025\/03\/WhatsApp-Image-2025-03-07-at-13.11.52-1-216x300.jpeg 216w\" sizes=\"(max-width: 721px) 100vw, 721px\" \/>\t\t\t\t\t\t\t\t\t\t\t\t\t<\/div>\n\t\t\t\t<\/div>\n\t\t\t\t\t<\/div>\n\t\t<\/div>\n\t\t\t\t<div class=\"elementor-column elementor-col-33 elementor-inner-column elementor-element elementor-element-8b64b08\" data-id=\"8b64b08\" data-element_type=\"column\">\n\t\t\t<div class=\"elementor-widget-wrap elementor-element-populated\">\n\t\t\t\t\t\t<div class=\"elementor-element elementor-element-16d0777 elementor-widget elementor-widget-image\" data-id=\"16d0777\" data-element_type=\"widget\" data-widget_type=\"image.default\">\n\t\t\t\t<div class=\"elementor-widget-container\">\n\t\t\t\t\t\t\t\t\t\t\t\t\t<img loading=\"lazy\" decoding=\"async\" width=\"721\" height=\"961\" src=\"https:\/\/www.personasyciudad.es\/wp-content\/uploads\/2025\/03\/WhatsApp-Image-2025-03-07-at-13.09.28.jpeg\" class=\"attachment-large size-large wp-image-5418\" alt=\"\" srcset=\"https:\/\/www.personasyciudad.es\/wp-content\/uploads\/2025\/03\/WhatsApp-Image-2025-03-07-at-13.09.28.jpeg 721w, https:\/\/www.personasyciudad.es\/wp-content\/uploads\/2025\/03\/WhatsApp-Image-2025-03-07-at-13.09.28-225x300.jpeg 225w\" sizes=\"(max-width: 721px) 100vw, 721px\" \/>\t\t\t\t\t\t\t\t\t\t\t\t\t<\/div>\n\t\t\t\t<\/div>\n\t\t\t\t\t<\/div>\n\t\t<\/div>\n\t\t\t\t\t<\/div>\n\t\t<\/section>\n\t\t\t\t\t<\/div>\n\t\t<\/div>\n\t\t\t\t\t<\/div>\n\t\t<\/section>\n\t\t\t\t<\/div>\n\t\t","protected":false},"excerpt":{"rendered":"<p>Sant Joan d&#8217;Alacant. 7 de mar\u00e7 de 2025. Clara Samuel Eyene celebra un segle de vida al costat del seu equip d&#8217;ajuda a domicili. La celebraci\u00f3 va tindre lloc en el seu domicili, acompanyada per algunes de les auxiliars que l&#8217;han atesa durant estos anys, per a homenatjar esta dona lluitadora i plena de vitalitat. [&hellip;]<\/p>\n","protected":false},"author":3,"featured_media":5416,"comment_status":"closed","ping_status":"open","sticky":false,"template":"","format":"standard","meta":{"footnotes":""},"categories":[26],"tags":[],"class_list":["post-6057","post","type-post","status-publish","format-standard","has-post-thumbnail","hentry","category-noticies"],"yoast_head":"<!-- This site is optimized with the Yoast SEO plugin v27.4 - https:\/\/yoast.com\/product\/yoast-seo-wordpress\/ -->\n<title>Clara Samuel Eyene complix 100 anys - Personas y Ciudad<\/title>\n<meta name=\"robots\" content=\"index, follow, max-snippet:-1, max-image-preview:large, max-video-preview:-1\" \/>\n<link rel=\"canonical\" href=\"https:\/\/www.personasyciudad.es\/ca-es\/clara-samuel-eyene-complix-100-anys\/\" \/>\n<meta property=\"og:locale\" content=\"ca_ES\" \/>\n<meta property=\"og:type\" content=\"article\" \/>\n<meta property=\"og:title\" content=\"Clara Samuel Eyene complix 100 anys - Personas y Ciudad\" \/>\n<meta property=\"og:description\" content=\"Sant Joan d&#8217;Alacant. 7 de mar\u00e7 de 2025. Clara Samuel Eyene celebra un segle de vida al costat del seu equip d&#8217;ajuda a domicili. La celebraci\u00f3 va tindre lloc en el seu domicili, acompanyada per algunes de les auxiliars que l&#8217;han atesa durant estos anys, per a homenatjar esta dona lluitadora i plena de vitalitat. [&hellip;]\" \/>\n<meta property=\"og:url\" content=\"https:\/\/www.personasyciudad.es\/ca-es\/clara-samuel-eyene-complix-100-anys\/\" \/>\n<meta property=\"og:site_name\" content=\"Personas y Ciudad\" \/>\n<meta property=\"article:published_time\" content=\"2025-03-11T08:59:38+00:00\" \/>\n<meta property=\"article:modified_time\" content=\"2025-06-06T10:26:51+00:00\" \/>\n<meta property=\"og:image\" content=\"https:\/\/www.personasyciudad.es\/wp-content\/uploads\/2025\/03\/TARTA-100ANOS.jpg\" \/>\n\t<meta property=\"og:image:width\" content=\"1500\" \/>\n\t<meta property=\"og:image:height\" content=\"844\" \/>\n\t<meta property=\"og:image:type\" content=\"image\/jpeg\" \/>\n<meta name=\"author\" content=\"PYCSA\" \/>\n<meta name=\"twitter:card\" content=\"summary_large_image\" \/>\n<meta name=\"twitter:label1\" content=\"Written by\" \/>\n\t<meta name=\"twitter:data1\" content=\"PYCSA\" \/>\n\t<meta name=\"twitter:label2\" content=\"Est. reading time\" \/>\n\t<meta name=\"twitter:data2\" content=\"1 minute\" \/>\n<script type=\"application\/ld+json\" class=\"yoast-schema-graph\">{\"@context\":\"https:\\\/\\\/schema.org\",\"@graph\":[{\"@type\":\"Article\",\"@id\":\"https:\\\/\\\/www.personasyciudad.es\\\/ca-es\\\/clara-samuel-eyene-complix-100-anys\\\/#article\",\"isPartOf\":{\"@id\":\"https:\\\/\\\/www.personasyciudad.es\\\/ca-es\\\/clara-samuel-eyene-complix-100-anys\\\/\"},\"author\":{\"name\":\"PYCSA\",\"@id\":\"https:\\\/\\\/www.personasyciudad.es\\\/#\\\/schema\\\/person\\\/af11b25079a195b40c0b6fb58e76d138\"},\"headline\":\"Clara Samuel Eyene complix 100 anys\",\"datePublished\":\"2025-03-11T08:59:38+00:00\",\"dateModified\":\"2025-06-06T10:26:51+00:00\",\"mainEntityOfPage\":{\"@id\":\"https:\\\/\\\/www.personasyciudad.es\\\/ca-es\\\/clara-samuel-eyene-complix-100-anys\\\/\"},\"wordCount\":161,\"publisher\":{\"@id\":\"https:\\\/\\\/www.personasyciudad.es\\\/#organization\"},\"image\":{\"@id\":\"https:\\\/\\\/www.personasyciudad.es\\\/ca-es\\\/clara-samuel-eyene-complix-100-anys\\\/#primaryimage\"},\"thumbnailUrl\":\"https:\\\/\\\/www.personasyciudad.es\\\/wp-content\\\/uploads\\\/2025\\\/03\\\/TARTA-100ANOS.jpg\",\"articleSection\":[\"Noticies\"],\"inLanguage\":\"ca-ES\"},{\"@type\":\"WebPage\",\"@id\":\"https:\\\/\\\/www.personasyciudad.es\\\/ca-es\\\/clara-samuel-eyene-complix-100-anys\\\/\",\"url\":\"https:\\\/\\\/www.personasyciudad.es\\\/ca-es\\\/clara-samuel-eyene-complix-100-anys\\\/\",\"name\":\"Clara Samuel Eyene complix 100 anys - Personas y Ciudad\",\"isPartOf\":{\"@id\":\"https:\\\/\\\/www.personasyciudad.es\\\/#website\"},\"primaryImageOfPage\":{\"@id\":\"https:\\\/\\\/www.personasyciudad.es\\\/ca-es\\\/clara-samuel-eyene-complix-100-anys\\\/#primaryimage\"},\"image\":{\"@id\":\"https:\\\/\\\/www.personasyciudad.es\\\/ca-es\\\/clara-samuel-eyene-complix-100-anys\\\/#primaryimage\"},\"thumbnailUrl\":\"https:\\\/\\\/www.personasyciudad.es\\\/wp-content\\\/uploads\\\/2025\\\/03\\\/TARTA-100ANOS.jpg\",\"datePublished\":\"2025-03-11T08:59:38+00:00\",\"dateModified\":\"2025-06-06T10:26:51+00:00\",\"breadcrumb\":{\"@id\":\"https:\\\/\\\/www.personasyciudad.es\\\/ca-es\\\/clara-samuel-eyene-complix-100-anys\\\/#breadcrumb\"},\"inLanguage\":\"ca-ES\",\"potentialAction\":[{\"@type\":\"ReadAction\",\"target\":[\"https:\\\/\\\/www.personasyciudad.es\\\/ca-es\\\/clara-samuel-eyene-complix-100-anys\\\/\"]}]},{\"@type\":\"ImageObject\",\"inLanguage\":\"ca-ES\",\"@id\":\"https:\\\/\\\/www.personasyciudad.es\\\/ca-es\\\/clara-samuel-eyene-complix-100-anys\\\/#primaryimage\",\"url\":\"https:\\\/\\\/www.personasyciudad.es\\\/wp-content\\\/uploads\\\/2025\\\/03\\\/TARTA-100ANOS.jpg\",\"contentUrl\":\"https:\\\/\\\/www.personasyciudad.es\\\/wp-content\\\/uploads\\\/2025\\\/03\\\/TARTA-100ANOS.jpg\",\"width\":1500,\"height\":844},{\"@type\":\"BreadcrumbList\",\"@id\":\"https:\\\/\\\/www.personasyciudad.es\\\/ca-es\\\/clara-samuel-eyene-complix-100-anys\\\/#breadcrumb\",\"itemListElement\":[{\"@type\":\"ListItem\",\"position\":1,\"name\":\"Portada\",\"item\":\"https:\\\/\\\/www.personasyciudad.es\\\/\"},{\"@type\":\"ListItem\",\"position\":2,\"name\":\"Clara Samuel Eyene complix 100 anys\"}]},{\"@type\":\"WebSite\",\"@id\":\"https:\\\/\\\/www.personasyciudad.es\\\/#website\",\"url\":\"https:\\\/\\\/www.personasyciudad.es\\\/\",\"name\":\"Personas y Ciudad\",\"description\":\"Actividades del Ayuntamiento de Sant Joan d\u2019Alacant\",\"publisher\":{\"@id\":\"https:\\\/\\\/www.personasyciudad.es\\\/#organization\"},\"potentialAction\":[{\"@type\":\"SearchAction\",\"target\":{\"@type\":\"EntryPoint\",\"urlTemplate\":\"https:\\\/\\\/www.personasyciudad.es\\\/?s={search_term_string}\"},\"query-input\":{\"@type\":\"PropertyValueSpecification\",\"valueRequired\":true,\"valueName\":\"search_term_string\"}}],\"inLanguage\":\"ca-ES\"},{\"@type\":\"Organization\",\"@id\":\"https:\\\/\\\/www.personasyciudad.es\\\/#organization\",\"name\":\"personas y ciudad\",\"url\":\"https:\\\/\\\/www.personasyciudad.es\\\/\",\"logo\":{\"@type\":\"ImageObject\",\"inLanguage\":\"ca-ES\",\"@id\":\"https:\\\/\\\/www.personasyciudad.es\\\/#\\\/schema\\\/logo\\\/image\\\/\",\"url\":\"https:\\\/\\\/www.personasyciudad.es\\\/wp-content\\\/uploads\\\/2023\\\/04\\\/logo_positivo.png\",\"contentUrl\":\"https:\\\/\\\/www.personasyciudad.es\\\/wp-content\\\/uploads\\\/2023\\\/04\\\/logo_positivo.png\",\"width\":500,\"height\":510,\"caption\":\"personas y ciudad\"},\"image\":{\"@id\":\"https:\\\/\\\/www.personasyciudad.es\\\/#\\\/schema\\\/logo\\\/image\\\/\"}},{\"@type\":\"Person\",\"@id\":\"https:\\\/\\\/www.personasyciudad.es\\\/#\\\/schema\\\/person\\\/af11b25079a195b40c0b6fb58e76d138\",\"name\":\"PYCSA\",\"url\":\"https:\\\/\\\/www.personasyciudad.es\\\/ca-es\\\/author\\\/pycsa\\\/\"}]}<\/script>\n<!-- \/ Yoast SEO plugin. -->","yoast_head_json":{"title":"Clara Samuel Eyene complix 100 anys - Personas y Ciudad","robots":{"index":"index","follow":"follow","max-snippet":"max-snippet:-1","max-image-preview":"max-image-preview:large","max-video-preview":"max-video-preview:-1"},"canonical":"https:\/\/www.personasyciudad.es\/ca-es\/clara-samuel-eyene-complix-100-anys\/","og_locale":"ca_ES","og_type":"article","og_title":"Clara Samuel Eyene complix 100 anys - Personas y Ciudad","og_description":"Sant Joan d&#8217;Alacant. 7 de mar\u00e7 de 2025. Clara Samuel Eyene celebra un segle de vida al costat del seu equip d&#8217;ajuda a domicili. La celebraci\u00f3 va tindre lloc en el seu domicili, acompanyada per algunes de les auxiliars que l&#8217;han atesa durant estos anys, per a homenatjar esta dona lluitadora i plena de vitalitat. [&hellip;]","og_url":"https:\/\/www.personasyciudad.es\/ca-es\/clara-samuel-eyene-complix-100-anys\/","og_site_name":"Personas y Ciudad","article_published_time":"2025-03-11T08:59:38+00:00","article_modified_time":"2025-06-06T10:26:51+00:00","og_image":[{"width":1500,"height":844,"url":"https:\/\/www.personasyciudad.es\/wp-content\/uploads\/2025\/03\/TARTA-100ANOS.jpg","type":"image\/jpeg"}],"author":"PYCSA","twitter_card":"summary_large_image","twitter_misc":{"Written by":"PYCSA","Est. reading time":"1 minute"},"schema":{"@context":"https:\/\/schema.org","@graph":[{"@type":"Article","@id":"https:\/\/www.personasyciudad.es\/ca-es\/clara-samuel-eyene-complix-100-anys\/#article","isPartOf":{"@id":"https:\/\/www.personasyciudad.es\/ca-es\/clara-samuel-eyene-complix-100-anys\/"},"author":{"name":"PYCSA","@id":"https:\/\/www.personasyciudad.es\/#\/schema\/person\/af11b25079a195b40c0b6fb58e76d138"},"headline":"Clara Samuel Eyene complix 100 anys","datePublished":"2025-03-11T08:59:38+00:00","dateModified":"2025-06-06T10:26:51+00:00","mainEntityOfPage":{"@id":"https:\/\/www.personasyciudad.es\/ca-es\/clara-samuel-eyene-complix-100-anys\/"},"wordCount":161,"publisher":{"@id":"https:\/\/www.personasyciudad.es\/#organization"},"image":{"@id":"https:\/\/www.personasyciudad.es\/ca-es\/clara-samuel-eyene-complix-100-anys\/#primaryimage"},"thumbnailUrl":"https:\/\/www.personasyciudad.es\/wp-content\/uploads\/2025\/03\/TARTA-100ANOS.jpg","articleSection":["Noticies"],"inLanguage":"ca-ES"},{"@type":"WebPage","@id":"https:\/\/www.personasyciudad.es\/ca-es\/clara-samuel-eyene-complix-100-anys\/","url":"https:\/\/www.personasyciudad.es\/ca-es\/clara-samuel-eyene-complix-100-anys\/","name":"Clara Samuel Eyene complix 100 anys - Personas y Ciudad","isPartOf":{"@id":"https:\/\/www.personasyciudad.es\/#website"},"primaryImageOfPage":{"@id":"https:\/\/www.personasyciudad.es\/ca-es\/clara-samuel-eyene-complix-100-anys\/#primaryimage"},"image":{"@id":"https:\/\/www.personasyciudad.es\/ca-es\/clara-samuel-eyene-complix-100-anys\/#primaryimage"},"thumbnailUrl":"https:\/\/www.personasyciudad.es\/wp-content\/uploads\/2025\/03\/TARTA-100ANOS.jpg","datePublished":"2025-03-11T08:59:38+00:00","dateModified":"2025-06-06T10:26:51+00:00","breadcrumb":{"@id":"https:\/\/www.personasyciudad.es\/ca-es\/clara-samuel-eyene-complix-100-anys\/#breadcrumb"},"inLanguage":"ca-ES","potentialAction":[{"@type":"ReadAction","target":["https:\/\/www.personasyciudad.es\/ca-es\/clara-samuel-eyene-complix-100-anys\/"]}]},{"@type":"ImageObject","inLanguage":"ca-ES","@id":"https:\/\/www.personasyciudad.es\/ca-es\/clara-samuel-eyene-complix-100-anys\/#primaryimage","url":"https:\/\/www.personasyciudad.es\/wp-content\/uploads\/2025\/03\/TARTA-100ANOS.jpg","contentUrl":"https:\/\/www.personasyciudad.es\/wp-content\/uploads\/2025\/03\/TARTA-100ANOS.jpg","width":1500,"height":844},{"@type":"BreadcrumbList","@id":"https:\/\/www.personasyciudad.es\/ca-es\/clara-samuel-eyene-complix-100-anys\/#breadcrumb","itemListElement":[{"@type":"ListItem","position":1,"name":"Portada","item":"https:\/\/www.personasyciudad.es\/"},{"@type":"ListItem","position":2,"name":"Clara Samuel Eyene complix 100 anys"}]},{"@type":"WebSite","@id":"https:\/\/www.personasyciudad.es\/#website","url":"https:\/\/www.personasyciudad.es\/","name":"Personas y Ciudad","description":"Actividades del Ayuntamiento de Sant Joan d\u2019Alacant","publisher":{"@id":"https:\/\/www.personasyciudad.es\/#organization"},"potentialAction":[{"@type":"SearchAction","target":{"@type":"EntryPoint","urlTemplate":"https:\/\/www.personasyciudad.es\/?s={search_term_string}"},"query-input":{"@type":"PropertyValueSpecification","valueRequired":true,"valueName":"search_term_string"}}],"inLanguage":"ca-ES"},{"@type":"Organization","@id":"https:\/\/www.personasyciudad.es\/#organization","name":"personas y ciudad","url":"https:\/\/www.personasyciudad.es\/","logo":{"@type":"ImageObject","inLanguage":"ca-ES","@id":"https:\/\/www.personasyciudad.es\/#\/schema\/logo\/image\/","url":"https:\/\/www.personasyciudad.es\/wp-content\/uploads\/2023\/04\/logo_positivo.png","contentUrl":"https:\/\/www.personasyciudad.es\/wp-content\/uploads\/2023\/04\/logo_positivo.png","width":500,"height":510,"caption":"personas y ciudad"},"image":{"@id":"https:\/\/www.personasyciudad.es\/#\/schema\/logo\/image\/"}},{"@type":"Person","@id":"https:\/\/www.personasyciudad.es\/#\/schema\/person\/af11b25079a195b40c0b6fb58e76d138","name":"PYCSA","url":"https:\/\/www.personasyciudad.es\/ca-es\/author\/pycsa\/"}]}},"_links":{"self":[{"href":"https:\/\/www.personasyciudad.es\/ca-es\/wp-json\/wp\/v2\/posts\/6057","targetHints":{"allow":["GET"]}}],"collection":[{"href":"https:\/\/www.personasyciudad.es\/ca-es\/wp-json\/wp\/v2\/posts"}],"about":[{"href":"https:\/\/www.personasyciudad.es\/ca-es\/wp-json\/wp\/v2\/types\/post"}],"author":[{"embeddable":true,"href":"https:\/\/www.personasyciudad.es\/ca-es\/wp-json\/wp\/v2\/users\/3"}],"replies":[{"embeddable":true,"href":"https:\/\/www.personasyciudad.es\/ca-es\/wp-json\/wp\/v2\/comments?post=6057"}],"version-history":[{"count":21,"href":"https:\/\/www.personasyciudad.es\/ca-es\/wp-json\/wp\/v2\/posts\/6057\/revisions"}],"predecessor-version":[{"id":6078,"href":"https:\/\/www.personasyciudad.es\/ca-es\/wp-json\/wp\/v2\/posts\/6057\/revisions\/6078"}],"wp:featuredmedia":[{"embeddable":true,"href":"https:\/\/www.personasyciudad.es\/ca-es\/wp-json\/wp\/v2\/media\/5416"}],"wp:attachment":[{"href":"https:\/\/www.personasyciudad.es\/ca-es\/wp-json\/wp\/v2\/media?parent=6057"}],"wp:term":[{"taxonomy":"category","embeddable":true,"href":"https:\/\/www.personasyciudad.es\/ca-es\/wp-json\/wp\/v2\/categories?post=6057"},{"taxonomy":"post_tag","embeddable":true,"href":"https:\/\/www.personasyciudad.es\/ca-es\/wp-json\/wp\/v2\/tags?post=6057"}],"curies":[{"name":"wp","href":"https:\/\/api.w.org\/{rel}","templated":true}]}}