{"id":6216,"date":"2025-08-22T13:57:46","date_gmt":"2025-08-22T11:57:46","guid":{"rendered":"https:\/\/www.personasyciudad.es\/?p=6216"},"modified":"2025-08-25T09:14:00","modified_gmt":"2025-08-25T07:14:00","slug":"es-publica-el-llistat-provisional-de-candidats-per-a-cobrir-la-placa-de-director-a-financer-a-i-control-comptable","status":"publish","type":"post","link":"https:\/\/www.personasyciudad.es\/ca-es\/es-publica-el-llistat-provisional-de-candidats-per-a-cobrir-la-placa-de-director-a-financer-a-i-control-comptable\/","title":{"rendered":"Es publica el llistat provisional de candidats per a cobrir la pla\u00e7a de Director\/a Financer\/a i Control Comptable"},"content":{"rendered":"\t\t<div data-elementor-type=\"wp-post\" data-elementor-id=\"6216\" class=\"elementor elementor-6216 elementor-6215\" data-elementor-post-type=\"post\">\n\t\t\t\t\t\t<section class=\"elementor-section elementor-top-section elementor-element elementor-element-239cb1bc elementor-section-boxed elementor-section-height-default elementor-section-height-default\" data-id=\"239cb1bc\" data-element_type=\"section\">\n\t\t\t\t\t\t<div class=\"elementor-container elementor-column-gap-default\">\n\t\t\t\t\t<div class=\"elementor-column elementor-col-100 elementor-top-column elementor-element elementor-element-6a90a211\" data-id=\"6a90a211\" data-element_type=\"column\">\n\t\t\t<div class=\"elementor-widget-wrap elementor-element-populated\">\n\t\t\t\t\t\t<div class=\"elementor-element elementor-element-28ea124 elementor-widget elementor-widget-text-editor\" data-id=\"28ea124\" data-element_type=\"widget\" data-widget_type=\"text-editor.default\">\n\t\t\t\t<div class=\"elementor-widget-container\">\n\t\t\t<style>\/*! elementor - v3.23.0 - 05-08-2024 *\/\n.elementor-widget-text-editor.elementor-drop-cap-view-stacked .elementor-drop-cap{background-color:#69727d;color:#fff}.elementor-widget-text-editor.elementor-drop-cap-view-framed .elementor-drop-cap{color:#69727d;border:3px solid;background-color:transparent}.elementor-widget-text-editor:not(.elementor-drop-cap-view-default) .elementor-drop-cap{margin-top:8px}.elementor-widget-text-editor:not(.elementor-drop-cap-view-default) .elementor-drop-cap-letter{width:1em;height:1em}.elementor-widget-text-editor .elementor-drop-cap{float:left;text-align:center;line-height:1;font-size:50px}.elementor-widget-text-editor .elementor-drop-cap-letter{display:inline-block}<\/style>\t\t\t\t<figure><img fetchpriority=\"high\" decoding=\"async\" class=\"alignnone wp-image-4439 size-medium\" src=\"https:\/\/www.personasyciudad.es\/wp-content\/uploads\/2024\/06\/128-1-300x200.jpg\" alt=\"\" width=\"300\" height=\"200\" srcset=\"https:\/\/www.personasyciudad.es\/wp-content\/uploads\/2024\/06\/128-1-300x200.jpg 300w, https:\/\/www.personasyciudad.es\/wp-content\/uploads\/2024\/06\/128-1-1024x683.jpg 1024w, https:\/\/www.personasyciudad.es\/wp-content\/uploads\/2024\/06\/128-1-768x512.jpg 768w, https:\/\/www.personasyciudad.es\/wp-content\/uploads\/2024\/06\/128-1-355x235.jpg 355w, https:\/\/www.personasyciudad.es\/wp-content\/uploads\/2024\/06\/128-1.jpg 1500w\" sizes=\"(max-width: 300px) 100vw, 300px\" \/><\/figure>\n<p>25\/08\/2025.- S&#8217;han presentat 4 persones per a cobrir la pla\u00e7a de Director\/a Financer\/a. Les 4 candidatures han passat a la fase d&#8217;entrevista, en haver aconseguit una puntuaci\u00f3 m\u00ednima de 30 punts.<\/p>\n<p>Els aspirants que han passat a la fase seg\u00fcent seran entrevistats individualment per a valorar les capacitats socials i de comunicaci\u00f3, la responsabilitat i l&#8217;experi\u00e8ncia professional.<\/p>\n<p>Segons les bases, si en 48 hores no existix cap reclamaci\u00f3 a esta llista, es considerar\u00e0 definitiva.<\/p>\n<div>\n<p><a href=\"https:\/\/www.personasyciudad.es\/wp-content\/uploads\/2025\/06\/20250618_LISTA-PREVIA_ASESOR_A_JURIDICO_A_2025-firmado.pdf\" target=\"_blank\" rel=\"noopener\">Llistat provisional<\/a><\/p>\n<\/div>\n\t\t\t\t\t\t<\/div>\n\t\t\t\t<\/div>\n\t\t\t\t\t<\/div>\n\t\t<\/div>\n\t\t\t\t\t<\/div>\n\t\t<\/section>\n\t\t\t\t<\/div>\n\t\t","protected":false},"excerpt":{"rendered":"<p>25\/08\/2025.- S&#8217;han presentat 4 persones per a cobrir la pla\u00e7a de Director\/a Financer\/a. Les 4 candidatures han passat a la fase d&#8217;entrevista, en haver aconseguit una puntuaci\u00f3 m\u00ednima de 30 punts. Els aspirants que han passat a la fase seg\u00fcent seran entrevistats individualment per a valorar les capacitats socials i de comunicaci\u00f3, la responsabilitat i [&hellip;]<\/p>\n","protected":false},"author":3,"featured_media":5393,"comment_status":"closed","ping_status":"open","sticky":false,"template":"","format":"standard","meta":{"footnotes":""},"categories":[27],"tags":[],"class_list":["post-6216","post","type-post","status-publish","format-standard","has-post-thumbnail","hentry","category-ocupacio"],"yoast_head":"<!-- This site is optimized with the Yoast SEO plugin v27.4 - https:\/\/yoast.com\/product\/yoast-seo-wordpress\/ -->\n<title>Es publica el llistat provisional de candidats per a cobrir la pla\u00e7a de Director\/a Financer\/a i Control Comptable - Personas y Ciudad<\/title>\n<meta name=\"robots\" content=\"index, follow, max-snippet:-1, max-image-preview:large, max-video-preview:-1\" \/>\n<link rel=\"canonical\" href=\"https:\/\/www.personasyciudad.es\/se-ha-publicado-el-listado-provisional-de-candidatos-para-cubrir-la-plaza-de-director-a-financiero-a-y-control-contable\/\" \/>\n<meta property=\"og:locale\" content=\"ca_ES\" \/>\n<meta property=\"og:type\" content=\"article\" \/>\n<meta property=\"og:title\" content=\"Es publica el llistat provisional de candidats per a cobrir la pla\u00e7a de Director\/a Financer\/a i Control Comptable - Personas y Ciudad\" \/>\n<meta property=\"og:description\" content=\"25\/08\/2025.- S&#8217;han presentat 4 persones per a cobrir la pla\u00e7a de Director\/a Financer\/a. Les 4 candidatures han passat a la fase d&#8217;entrevista, en haver aconseguit una puntuaci\u00f3 m\u00ednima de 30 punts. Els aspirants que han passat a la fase seg\u00fcent seran entrevistats individualment per a valorar les capacitats socials i de comunicaci\u00f3, la responsabilitat i [&hellip;]\" \/>\n<meta property=\"og:url\" content=\"https:\/\/www.personasyciudad.es\/se-ha-publicado-el-listado-provisional-de-candidatos-para-cubrir-la-plaza-de-director-a-financiero-a-y-control-contable\/\" \/>\n<meta property=\"og:site_name\" content=\"Personas y Ciudad\" \/>\n<meta property=\"article:published_time\" content=\"2025-08-22T11:57:46+00:00\" \/>\n<meta property=\"article:modified_time\" content=\"2025-08-25T07:14:00+00:00\" \/>\n<meta property=\"og:image\" content=\"https:\/\/www.personasyciudad.es\/wp-content\/uploads\/2024\/06\/128-1.jpg\" \/>\n\t<meta property=\"og:image:width\" content=\"1500\" \/>\n\t<meta property=\"og:image:height\" content=\"1000\" \/>\n\t<meta property=\"og:image:type\" content=\"image\/jpeg\" \/>\n<meta name=\"author\" content=\"PYCSA\" \/>\n<meta name=\"twitter:card\" content=\"summary_large_image\" \/>\n<meta name=\"twitter:label1\" content=\"Written by\" \/>\n\t<meta name=\"twitter:data1\" content=\"PYCSA\" \/>\n<script type=\"application\/ld+json\" class=\"yoast-schema-graph\">{\"@context\":\"https:\\\/\\\/schema.org\",\"@graph\":[{\"@type\":\"Article\",\"@id\":\"https:\\\/\\\/www.personasyciudad.es\\\/se-ha-publicado-el-listado-provisional-de-candidatos-para-cubrir-la-plaza-de-director-a-financiero-a-y-control-contable\\\/#article\",\"isPartOf\":{\"@id\":\"https:\\\/\\\/www.personasyciudad.es\\\/se-ha-publicado-el-listado-provisional-de-candidatos-para-cubrir-la-plaza-de-director-a-financiero-a-y-control-contable\\\/\"},\"author\":{\"name\":\"PYCSA\",\"@id\":\"https:\\\/\\\/www.personasyciudad.es\\\/#\\\/schema\\\/person\\\/af11b25079a195b40c0b6fb58e76d138\"},\"headline\":\"Es publica el llistat provisional de candidats per a cobrir la pla\u00e7a de Director\\\/a Financer\\\/a i Control Comptable\",\"datePublished\":\"2025-08-22T11:57:46+00:00\",\"dateModified\":\"2025-08-25T07:14:00+00:00\",\"mainEntityOfPage\":{\"@id\":\"https:\\\/\\\/www.personasyciudad.es\\\/se-ha-publicado-el-listado-provisional-de-candidatos-para-cubrir-la-plaza-de-director-a-financiero-a-y-control-contable\\\/\"},\"wordCount\":102,\"publisher\":{\"@id\":\"https:\\\/\\\/www.personasyciudad.es\\\/#organization\"},\"image\":{\"@id\":\"https:\\\/\\\/www.personasyciudad.es\\\/se-ha-publicado-el-listado-provisional-de-candidatos-para-cubrir-la-plaza-de-director-a-financiero-a-y-control-contable\\\/#primaryimage\"},\"thumbnailUrl\":\"https:\\\/\\\/www.personasyciudad.es\\\/wp-content\\\/uploads\\\/2024\\\/06\\\/128-1.jpg\",\"articleSection\":[\"Ocupaci\u00f3\"],\"inLanguage\":\"ca-ES\"},{\"@type\":\"WebPage\",\"@id\":\"https:\\\/\\\/www.personasyciudad.es\\\/se-ha-publicado-el-listado-provisional-de-candidatos-para-cubrir-la-plaza-de-director-a-financiero-a-y-control-contable\\\/\",\"url\":\"https:\\\/\\\/www.personasyciudad.es\\\/se-ha-publicado-el-listado-provisional-de-candidatos-para-cubrir-la-plaza-de-director-a-financiero-a-y-control-contable\\\/\",\"name\":\"Es publica el llistat provisional de candidats per a cobrir la pla\u00e7a de Director\\\/a Financer\\\/a i Control Comptable - Personas y Ciudad\",\"isPartOf\":{\"@id\":\"https:\\\/\\\/www.personasyciudad.es\\\/#website\"},\"primaryImageOfPage\":{\"@id\":\"https:\\\/\\\/www.personasyciudad.es\\\/se-ha-publicado-el-listado-provisional-de-candidatos-para-cubrir-la-plaza-de-director-a-financiero-a-y-control-contable\\\/#primaryimage\"},\"image\":{\"@id\":\"https:\\\/\\\/www.personasyciudad.es\\\/se-ha-publicado-el-listado-provisional-de-candidatos-para-cubrir-la-plaza-de-director-a-financiero-a-y-control-contable\\\/#primaryimage\"},\"thumbnailUrl\":\"https:\\\/\\\/www.personasyciudad.es\\\/wp-content\\\/uploads\\\/2024\\\/06\\\/128-1.jpg\",\"datePublished\":\"2025-08-22T11:57:46+00:00\",\"dateModified\":\"2025-08-25T07:14:00+00:00\",\"breadcrumb\":{\"@id\":\"https:\\\/\\\/www.personasyciudad.es\\\/se-ha-publicado-el-listado-provisional-de-candidatos-para-cubrir-la-plaza-de-director-a-financiero-a-y-control-contable\\\/#breadcrumb\"},\"inLanguage\":\"ca-ES\",\"potentialAction\":[{\"@type\":\"ReadAction\",\"target\":[\"https:\\\/\\\/www.personasyciudad.es\\\/se-ha-publicado-el-listado-provisional-de-candidatos-para-cubrir-la-plaza-de-director-a-financiero-a-y-control-contable\\\/\"]}]},{\"@type\":\"ImageObject\",\"inLanguage\":\"ca-ES\",\"@id\":\"https:\\\/\\\/www.personasyciudad.es\\\/se-ha-publicado-el-listado-provisional-de-candidatos-para-cubrir-la-plaza-de-director-a-financiero-a-y-control-contable\\\/#primaryimage\",\"url\":\"https:\\\/\\\/www.personasyciudad.es\\\/wp-content\\\/uploads\\\/2024\\\/06\\\/128-1.jpg\",\"contentUrl\":\"https:\\\/\\\/www.personasyciudad.es\\\/wp-content\\\/uploads\\\/2024\\\/06\\\/128-1.jpg\",\"width\":1500,\"height\":1000},{\"@type\":\"BreadcrumbList\",\"@id\":\"https:\\\/\\\/www.personasyciudad.es\\\/se-ha-publicado-el-listado-provisional-de-candidatos-para-cubrir-la-plaza-de-director-a-financiero-a-y-control-contable\\\/#breadcrumb\",\"itemListElement\":[{\"@type\":\"ListItem\",\"position\":1,\"name\":\"Portada\",\"item\":\"https:\\\/\\\/www.personasyciudad.es\\\/\"},{\"@type\":\"ListItem\",\"position\":2,\"name\":\"Es publica el llistat provisional de candidats per a cobrir la pla\u00e7a de Director\\\/a Financer\\\/a i Control Comptable\"}]},{\"@type\":\"WebSite\",\"@id\":\"https:\\\/\\\/www.personasyciudad.es\\\/#website\",\"url\":\"https:\\\/\\\/www.personasyciudad.es\\\/\",\"name\":\"Personas y Ciudad\",\"description\":\"Actividades del Ayuntamiento de Sant Joan d\u2019Alacant\",\"publisher\":{\"@id\":\"https:\\\/\\\/www.personasyciudad.es\\\/#organization\"},\"potentialAction\":[{\"@type\":\"SearchAction\",\"target\":{\"@type\":\"EntryPoint\",\"urlTemplate\":\"https:\\\/\\\/www.personasyciudad.es\\\/?s={search_term_string}\"},\"query-input\":{\"@type\":\"PropertyValueSpecification\",\"valueRequired\":true,\"valueName\":\"search_term_string\"}}],\"inLanguage\":\"ca-ES\"},{\"@type\":\"Organization\",\"@id\":\"https:\\\/\\\/www.personasyciudad.es\\\/#organization\",\"name\":\"personas y ciudad\",\"url\":\"https:\\\/\\\/www.personasyciudad.es\\\/\",\"logo\":{\"@type\":\"ImageObject\",\"inLanguage\":\"ca-ES\",\"@id\":\"https:\\\/\\\/www.personasyciudad.es\\\/#\\\/schema\\\/logo\\\/image\\\/\",\"url\":\"https:\\\/\\\/www.personasyciudad.es\\\/wp-content\\\/uploads\\\/2023\\\/04\\\/logo_positivo.png\",\"contentUrl\":\"https:\\\/\\\/www.personasyciudad.es\\\/wp-content\\\/uploads\\\/2023\\\/04\\\/logo_positivo.png\",\"width\":500,\"height\":510,\"caption\":\"personas y ciudad\"},\"image\":{\"@id\":\"https:\\\/\\\/www.personasyciudad.es\\\/#\\\/schema\\\/logo\\\/image\\\/\"}},{\"@type\":\"Person\",\"@id\":\"https:\\\/\\\/www.personasyciudad.es\\\/#\\\/schema\\\/person\\\/af11b25079a195b40c0b6fb58e76d138\",\"name\":\"PYCSA\",\"url\":\"https:\\\/\\\/www.personasyciudad.es\\\/ca-es\\\/author\\\/pycsa\\\/\"}]}<\/script>\n<!-- \/ Yoast SEO plugin. -->","yoast_head_json":{"title":"Es publica el llistat provisional de candidats per a cobrir la pla\u00e7a de Director\/a Financer\/a i Control Comptable - Personas y Ciudad","robots":{"index":"index","follow":"follow","max-snippet":"max-snippet:-1","max-image-preview":"max-image-preview:large","max-video-preview":"max-video-preview:-1"},"canonical":"https:\/\/www.personasyciudad.es\/se-ha-publicado-el-listado-provisional-de-candidatos-para-cubrir-la-plaza-de-director-a-financiero-a-y-control-contable\/","og_locale":"ca_ES","og_type":"article","og_title":"Es publica el llistat provisional de candidats per a cobrir la pla\u00e7a de Director\/a Financer\/a i Control Comptable - Personas y Ciudad","og_description":"25\/08\/2025.- S&#8217;han presentat 4 persones per a cobrir la pla\u00e7a de Director\/a Financer\/a. Les 4 candidatures han passat a la fase d&#8217;entrevista, en haver aconseguit una puntuaci\u00f3 m\u00ednima de 30 punts. Els aspirants que han passat a la fase seg\u00fcent seran entrevistats individualment per a valorar les capacitats socials i de comunicaci\u00f3, la responsabilitat i [&hellip;]","og_url":"https:\/\/www.personasyciudad.es\/se-ha-publicado-el-listado-provisional-de-candidatos-para-cubrir-la-plaza-de-director-a-financiero-a-y-control-contable\/","og_site_name":"Personas y Ciudad","article_published_time":"2025-08-22T11:57:46+00:00","article_modified_time":"2025-08-25T07:14:00+00:00","og_image":[{"width":1500,"height":1000,"url":"https:\/\/www.personasyciudad.es\/wp-content\/uploads\/2024\/06\/128-1.jpg","type":"image\/jpeg"}],"author":"PYCSA","twitter_card":"summary_large_image","twitter_misc":{"Written by":"PYCSA"},"schema":{"@context":"https:\/\/schema.org","@graph":[{"@type":"Article","@id":"https:\/\/www.personasyciudad.es\/se-ha-publicado-el-listado-provisional-de-candidatos-para-cubrir-la-plaza-de-director-a-financiero-a-y-control-contable\/#article","isPartOf":{"@id":"https:\/\/www.personasyciudad.es\/se-ha-publicado-el-listado-provisional-de-candidatos-para-cubrir-la-plaza-de-director-a-financiero-a-y-control-contable\/"},"author":{"name":"PYCSA","@id":"https:\/\/www.personasyciudad.es\/#\/schema\/person\/af11b25079a195b40c0b6fb58e76d138"},"headline":"Es publica el llistat provisional de candidats per a cobrir la pla\u00e7a de Director\/a Financer\/a i Control Comptable","datePublished":"2025-08-22T11:57:46+00:00","dateModified":"2025-08-25T07:14:00+00:00","mainEntityOfPage":{"@id":"https:\/\/www.personasyciudad.es\/se-ha-publicado-el-listado-provisional-de-candidatos-para-cubrir-la-plaza-de-director-a-financiero-a-y-control-contable\/"},"wordCount":102,"publisher":{"@id":"https:\/\/www.personasyciudad.es\/#organization"},"image":{"@id":"https:\/\/www.personasyciudad.es\/se-ha-publicado-el-listado-provisional-de-candidatos-para-cubrir-la-plaza-de-director-a-financiero-a-y-control-contable\/#primaryimage"},"thumbnailUrl":"https:\/\/www.personasyciudad.es\/wp-content\/uploads\/2024\/06\/128-1.jpg","articleSection":["Ocupaci\u00f3"],"inLanguage":"ca-ES"},{"@type":"WebPage","@id":"https:\/\/www.personasyciudad.es\/se-ha-publicado-el-listado-provisional-de-candidatos-para-cubrir-la-plaza-de-director-a-financiero-a-y-control-contable\/","url":"https:\/\/www.personasyciudad.es\/se-ha-publicado-el-listado-provisional-de-candidatos-para-cubrir-la-plaza-de-director-a-financiero-a-y-control-contable\/","name":"Es publica el llistat provisional de candidats per a cobrir la pla\u00e7a de Director\/a Financer\/a i Control Comptable - Personas y Ciudad","isPartOf":{"@id":"https:\/\/www.personasyciudad.es\/#website"},"primaryImageOfPage":{"@id":"https:\/\/www.personasyciudad.es\/se-ha-publicado-el-listado-provisional-de-candidatos-para-cubrir-la-plaza-de-director-a-financiero-a-y-control-contable\/#primaryimage"},"image":{"@id":"https:\/\/www.personasyciudad.es\/se-ha-publicado-el-listado-provisional-de-candidatos-para-cubrir-la-plaza-de-director-a-financiero-a-y-control-contable\/#primaryimage"},"thumbnailUrl":"https:\/\/www.personasyciudad.es\/wp-content\/uploads\/2024\/06\/128-1.jpg","datePublished":"2025-08-22T11:57:46+00:00","dateModified":"2025-08-25T07:14:00+00:00","breadcrumb":{"@id":"https:\/\/www.personasyciudad.es\/se-ha-publicado-el-listado-provisional-de-candidatos-para-cubrir-la-plaza-de-director-a-financiero-a-y-control-contable\/#breadcrumb"},"inLanguage":"ca-ES","potentialAction":[{"@type":"ReadAction","target":["https:\/\/www.personasyciudad.es\/se-ha-publicado-el-listado-provisional-de-candidatos-para-cubrir-la-plaza-de-director-a-financiero-a-y-control-contable\/"]}]},{"@type":"ImageObject","inLanguage":"ca-ES","@id":"https:\/\/www.personasyciudad.es\/se-ha-publicado-el-listado-provisional-de-candidatos-para-cubrir-la-plaza-de-director-a-financiero-a-y-control-contable\/#primaryimage","url":"https:\/\/www.personasyciudad.es\/wp-content\/uploads\/2024\/06\/128-1.jpg","contentUrl":"https:\/\/www.personasyciudad.es\/wp-content\/uploads\/2024\/06\/128-1.jpg","width":1500,"height":1000},{"@type":"BreadcrumbList","@id":"https:\/\/www.personasyciudad.es\/se-ha-publicado-el-listado-provisional-de-candidatos-para-cubrir-la-plaza-de-director-a-financiero-a-y-control-contable\/#breadcrumb","itemListElement":[{"@type":"ListItem","position":1,"name":"Portada","item":"https:\/\/www.personasyciudad.es\/"},{"@type":"ListItem","position":2,"name":"Es publica el llistat provisional de candidats per a cobrir la pla\u00e7a de Director\/a Financer\/a i Control Comptable"}]},{"@type":"WebSite","@id":"https:\/\/www.personasyciudad.es\/#website","url":"https:\/\/www.personasyciudad.es\/","name":"Personas y Ciudad","description":"Actividades del Ayuntamiento de Sant Joan d\u2019Alacant","publisher":{"@id":"https:\/\/www.personasyciudad.es\/#organization"},"potentialAction":[{"@type":"SearchAction","target":{"@type":"EntryPoint","urlTemplate":"https:\/\/www.personasyciudad.es\/?s={search_term_string}"},"query-input":{"@type":"PropertyValueSpecification","valueRequired":true,"valueName":"search_term_string"}}],"inLanguage":"ca-ES"},{"@type":"Organization","@id":"https:\/\/www.personasyciudad.es\/#organization","name":"personas y ciudad","url":"https:\/\/www.personasyciudad.es\/","logo":{"@type":"ImageObject","inLanguage":"ca-ES","@id":"https:\/\/www.personasyciudad.es\/#\/schema\/logo\/image\/","url":"https:\/\/www.personasyciudad.es\/wp-content\/uploads\/2023\/04\/logo_positivo.png","contentUrl":"https:\/\/www.personasyciudad.es\/wp-content\/uploads\/2023\/04\/logo_positivo.png","width":500,"height":510,"caption":"personas y ciudad"},"image":{"@id":"https:\/\/www.personasyciudad.es\/#\/schema\/logo\/image\/"}},{"@type":"Person","@id":"https:\/\/www.personasyciudad.es\/#\/schema\/person\/af11b25079a195b40c0b6fb58e76d138","name":"PYCSA","url":"https:\/\/www.personasyciudad.es\/ca-es\/author\/pycsa\/"}]}},"_links":{"self":[{"href":"https:\/\/www.personasyciudad.es\/ca-es\/wp-json\/wp\/v2\/posts\/6216","targetHints":{"allow":["GET"]}}],"collection":[{"href":"https:\/\/www.personasyciudad.es\/ca-es\/wp-json\/wp\/v2\/posts"}],"about":[{"href":"https:\/\/www.personasyciudad.es\/ca-es\/wp-json\/wp\/v2\/types\/post"}],"author":[{"embeddable":true,"href":"https:\/\/www.personasyciudad.es\/ca-es\/wp-json\/wp\/v2\/users\/3"}],"replies":[{"embeddable":true,"href":"https:\/\/www.personasyciudad.es\/ca-es\/wp-json\/wp\/v2\/comments?post=6216"}],"version-history":[{"count":4,"href":"https:\/\/www.personasyciudad.es\/ca-es\/wp-json\/wp\/v2\/posts\/6216\/revisions"}],"predecessor-version":[{"id":6236,"href":"https:\/\/www.personasyciudad.es\/ca-es\/wp-json\/wp\/v2\/posts\/6216\/revisions\/6236"}],"wp:featuredmedia":[{"embeddable":true,"href":"https:\/\/www.personasyciudad.es\/ca-es\/wp-json\/wp\/v2\/media\/5393"}],"wp:attachment":[{"href":"https:\/\/www.personasyciudad.es\/ca-es\/wp-json\/wp\/v2\/media?parent=6216"}],"wp:term":[{"taxonomy":"category","embeddable":true,"href":"https:\/\/www.personasyciudad.es\/ca-es\/wp-json\/wp\/v2\/categories?post=6216"},{"taxonomy":"post_tag","embeddable":true,"href":"https:\/\/www.personasyciudad.es\/ca-es\/wp-json\/wp\/v2\/tags?post=6216"}],"curies":[{"name":"wp","href":"https:\/\/api.w.org\/{rel}","templated":true}]}}