{"id":6402,"date":"2025-10-29T14:56:55","date_gmt":"2025-10-29T13:56:55","guid":{"rendered":"https:\/\/www.personasyciudad.es\/?p=6402"},"modified":"2025-11-25T11:03:21","modified_gmt":"2025-11-25T10:03:21","slug":"personas-y-ciudad-i-lajuntament-presenten-les-obres-de-rehabilitacio-de-millora-deficiencia-energetica-en-els-edificis-del-programa-de-barris-errp","status":"publish","type":"post","link":"https:\/\/www.personasyciudad.es\/ca-es\/personas-y-ciudad-i-lajuntament-presenten-les-obres-de-rehabilitacio-de-millora-deficiencia-energetica-en-els-edificis-del-programa-de-barris-errp\/","title":{"rendered":"Persones i Ciutat s&#8217;unix al minut de silenci per les v\u00edctimes de la DANA"},"content":{"rendered":"\t\t<div data-elementor-type=\"wp-post\" data-elementor-id=\"6402\" class=\"elementor elementor-6402 elementor-6401\" data-elementor-post-type=\"post\">\n\t\t\t\t\t\t<section class=\"elementor-section elementor-top-section elementor-element elementor-element-2b5f1cd0 elementor-section-boxed elementor-section-height-default elementor-section-height-default\" data-id=\"2b5f1cd0\" data-element_type=\"section\">\n\t\t\t\t\t\t<div class=\"elementor-container elementor-column-gap-default\">\n\t\t\t\t\t<div class=\"elementor-column elementor-col-100 elementor-top-column elementor-element elementor-element-74efd0d5\" data-id=\"74efd0d5\" data-element_type=\"column\">\n\t\t\t<div class=\"elementor-widget-wrap elementor-element-populated\">\n\t\t\t\t\t\t<div class=\"elementor-element elementor-element-66d973b elementor-widget elementor-widget-image\" data-id=\"66d973b\" data-element_type=\"widget\" data-widget_type=\"image.default\">\n\t\t\t\t<div class=\"elementor-widget-container\">\n\t\t\t<style>\/*! elementor - v3.23.0 - 05-08-2024 *\/\n.elementor-widget-image{text-align:center}.elementor-widget-image a{display:inline-block}.elementor-widget-image a img[src$=\".svg\"]{width:48px}.elementor-widget-image img{vertical-align:middle;display:inline-block}<\/style>\t\t\t\t\t\t\t\t\t\t<img fetchpriority=\"high\" decoding=\"async\" width=\"940\" height=\"789\" src=\"https:\/\/www.personasyciudad.es\/wp-content\/uploads\/2025\/10\/IMG_9112-1024x859.jpeg\" class=\"attachment-large size-large wp-image-6410\" alt=\"\" srcset=\"https:\/\/www.personasyciudad.es\/wp-content\/uploads\/2025\/10\/IMG_9112-1024x859.jpeg 1024w, https:\/\/www.personasyciudad.es\/wp-content\/uploads\/2025\/10\/IMG_9112-300x252.jpeg 300w, https:\/\/www.personasyciudad.es\/wp-content\/uploads\/2025\/10\/IMG_9112-768x644.jpeg 768w, https:\/\/www.personasyciudad.es\/wp-content\/uploads\/2025\/10\/IMG_9112-1536x1289.jpeg 1536w, https:\/\/www.personasyciudad.es\/wp-content\/uploads\/2025\/10\/IMG_9112-2048x1718.jpeg 2048w\" sizes=\"(max-width: 940px) 100vw, 940px\" \/>\t\t\t\t\t\t\t\t\t\t\t\t\t<\/div>\n\t\t\t\t<\/div>\n\t\t\t\t<div class=\"elementor-element elementor-element-63b218bc elementor-widget elementor-widget-text-editor\" data-id=\"63b218bc\" data-element_type=\"widget\" data-widget_type=\"text-editor.default\">\n\t\t\t\t<div class=\"elementor-widget-container\">\n\t\t\t<style>\/*! elementor - v3.23.0 - 05-08-2024 *\/\n.elementor-widget-text-editor.elementor-drop-cap-view-stacked .elementor-drop-cap{background-color:#69727d;color:#fff}.elementor-widget-text-editor.elementor-drop-cap-view-framed .elementor-drop-cap{color:#69727d;border:3px solid;background-color:transparent}.elementor-widget-text-editor:not(.elementor-drop-cap-view-default) .elementor-drop-cap{margin-top:8px}.elementor-widget-text-editor:not(.elementor-drop-cap-view-default) .elementor-drop-cap-letter{width:1em;height:1em}.elementor-widget-text-editor .elementor-drop-cap{float:left;text-align:center;line-height:1;font-size:50px}.elementor-widget-text-editor .elementor-drop-cap-letter{display:inline-block}<\/style>\t\t\t\tSant Joan d&#8217;Alacant, 29 d&#8217;octubre de 2025.<br><br>L&#8217;empresa <strong>Personas y Ciudad<\/strong> ha participat este dimecres en el <strong>minut de silenci convocat per l&#8217;Ajuntament de Sant Joan d&#8217;Alacant<\/strong> en mem\u00f2ria de les v\u00edctimes i damnificats de la recent <strong>Depressi\u00f3 A\u00efllada en Nivells Alts (DANA)<\/strong> que ha afectat diverses zones de la Comunitat Valenciana.<br>L&#8217;acte, celebrat a les portes del consistori, ha reunit representants institucionals, empleats municipals, empreses col\u00b7laboradores i ve\u00efns del municipi, que han mostrat aix\u00ed la seua solidaritat i suport a les persones afectades pels danys ocasionats pel temporal.<br>Persones i Ciutat expressa d&#8217;esta manera el seu comprom\u00eds amb la comunitat. \u201c\u00c9s important acompanyar i mostrar el nostre respecte a totes les fam\u00edlies que estan travessant moments dif\u00edcils despr\u00e9s de la DANA\u201d, han assenyalat la gerenta de la companyia Rosa *Cussac.<br>Amb este gest, l&#8217;empresa municipal s&#8217;unix a la convocat\u00f2ria de la Federaci\u00f3 Espanyola de Municipis i Prov\u00edncies en solidaritat amb el poble valenci\u00e0.<br>\t\t\t\t\t\t<\/div>\n\t\t\t\t<\/div>\n\t\t\t\t<div class=\"elementor-element elementor-element-a03b4c1 elementor-widget elementor-widget-video\" data-id=\"a03b4c1\" data-element_type=\"widget\" data-settings=\"{&quot;video_type&quot;:&quot;hosted&quot;,&quot;controls&quot;:&quot;yes&quot;}\" data-widget_type=\"video.default\">\n\t\t\t\t<div class=\"elementor-widget-container\">\n\t\t\t<style>\/*! elementor - v3.23.0 - 05-08-2024 *\/\n.elementor-widget-video .elementor-widget-container{overflow:hidden;transform:translateZ(0)}.elementor-widget-video .elementor-wrapper{aspect-ratio:var(--video-aspect-ratio)}.elementor-widget-video .elementor-wrapper iframe,.elementor-widget-video .elementor-wrapper video{height:100%;width:100%;display:flex;border:none;background-color:#000}@supports not (aspect-ratio:1\/1){.elementor-widget-video .elementor-wrapper{position:relative;overflow:hidden;height:0;padding-bottom:calc(100% \/ var(--video-aspect-ratio))}.elementor-widget-video .elementor-wrapper iframe,.elementor-widget-video .elementor-wrapper video{position:absolute;top:0;right:0;bottom:0;left:0}}.elementor-widget-video .elementor-open-inline .elementor-custom-embed-image-overlay{position:absolute;top:0;right:0;bottom:0;left:0;background-size:cover;background-position:50%}.elementor-widget-video .elementor-custom-embed-image-overlay{cursor:pointer;text-align:center}.elementor-widget-video .elementor-custom-embed-image-overlay:hover .elementor-custom-embed-play i{opacity:1}.elementor-widget-video .elementor-custom-embed-image-overlay img{display:block;width:100%;aspect-ratio:var(--video-aspect-ratio);-o-object-fit:cover;object-fit:cover;-o-object-position:center center;object-position:center center}@supports not (aspect-ratio:1\/1){.elementor-widget-video .elementor-custom-embed-image-overlay{position:relative;overflow:hidden;height:0;padding-bottom:calc(100% \/ var(--video-aspect-ratio))}.elementor-widget-video .elementor-custom-embed-image-overlay img{position:absolute;top:0;right:0;bottom:0;left:0}}.elementor-widget-video .e-hosted-video .elementor-video{-o-object-fit:cover;object-fit:cover}.e-con-inner>.elementor-widget-video,.e-con>.elementor-widget-video{width:var(--container-widget-width);--flex-grow:var(--container-widget-flex-grow)}<\/style>\t\t<div class=\"e-hosted-video elementor-wrapper elementor-open-inline\">\n\t\t\t\t\t<video class=\"elementor-video\" src=\"https:\/\/www.personasyciudad.es\/wp-content\/uploads\/2025\/10\/Diseno-sin-titulo-1-1.mp4\" controls=\"\" preload=\"metadata\" controlsList=\"nodownload\" poster=\"https:\/\/www.personasyciudad.es\/wp-content\/uploads\/2025\/10\/Diseno-sin-titulo-2.jpg\"><\/video>\n\t\t\t\t<\/div>\n\t\t\t\t<\/div>\n\t\t\t\t<\/div>\n\t\t\t\t\t<\/div>\n\t\t<\/div>\n\t\t\t\t\t<\/div>\n\t\t<\/section>\n\t\t\t\t<\/div>\n\t\t","protected":false},"excerpt":{"rendered":"<p>Sant Joan d&#8217;Alacant, 29 d&#8217;octubre de 2025. L&#8217;empresa Personas y Ciudad ha participat este dimecres en el minut de silenci convocat per l&#8217;Ajuntament de Sant Joan d&#8217;Alacant en mem\u00f2ria de les v\u00edctimes i damnificats de la recent Depressi\u00f3 A\u00efllada en Nivells Alts (DANA) que ha afectat diverses zones de la Comunitat Valenciana.L&#8217;acte, celebrat a les [&hellip;]<\/p>\n","protected":false},"author":3,"featured_media":6410,"comment_status":"closed","ping_status":"open","sticky":false,"template":"","format":"standard","meta":{"footnotes":""},"categories":[26],"tags":[],"class_list":["post-6402","post","type-post","status-publish","format-standard","has-post-thumbnail","hentry","category-noticies"],"yoast_head":"<!-- This site is optimized with the Yoast SEO plugin v27.4 - https:\/\/yoast.com\/product\/yoast-seo-wordpress\/ -->\n<title>Persones i Ciutat s&#039;unix al minut de silenci per les v\u00edctimes de la DANA - Personas y Ciudad<\/title>\n<meta name=\"robots\" content=\"index, follow, max-snippet:-1, max-image-preview:large, max-video-preview:-1\" \/>\n<link rel=\"canonical\" href=\"https:\/\/www.personasyciudad.es\/personas-y-ciudad-se-une-al-minuto-de-silencio-por-las-victimas-de-la-dana\/\" \/>\n<meta property=\"og:locale\" content=\"ca_ES\" \/>\n<meta property=\"og:type\" content=\"article\" \/>\n<meta property=\"og:title\" content=\"Persones i Ciutat s&#039;unix al minut de silenci per les v\u00edctimes de la DANA - Personas y Ciudad\" \/>\n<meta property=\"og:description\" content=\"Sant Joan d&#8217;Alacant, 29 d&#8217;octubre de 2025. L&#8217;empresa Personas y Ciudad ha participat este dimecres en el minut de silenci convocat per l&#8217;Ajuntament de Sant Joan d&#8217;Alacant en mem\u00f2ria de les v\u00edctimes i damnificats de la recent Depressi\u00f3 A\u00efllada en Nivells Alts (DANA) que ha afectat diverses zones de la Comunitat Valenciana.L&#8217;acte, celebrat a les [&hellip;]\" \/>\n<meta property=\"og:url\" content=\"https:\/\/www.personasyciudad.es\/personas-y-ciudad-se-une-al-minuto-de-silencio-por-las-victimas-de-la-dana\/\" \/>\n<meta property=\"og:site_name\" content=\"Personas y Ciudad\" \/>\n<meta property=\"article:published_time\" content=\"2025-10-29T13:56:55+00:00\" \/>\n<meta property=\"article:modified_time\" content=\"2025-11-25T10:03:21+00:00\" \/>\n<meta property=\"og:image\" content=\"https:\/\/www.personasyciudad.es\/wp-content\/uploads\/2025\/10\/IMG_9112-scaled-e1761743296577.jpeg\" \/>\n\t<meta property=\"og:image:width\" content=\"2560\" \/>\n\t<meta property=\"og:image:height\" content=\"2148\" \/>\n\t<meta property=\"og:image:type\" content=\"image\/jpeg\" \/>\n<meta name=\"author\" content=\"PYCSA\" \/>\n<meta name=\"twitter:card\" content=\"summary_large_image\" \/>\n<meta name=\"twitter:label1\" content=\"Written by\" \/>\n\t<meta name=\"twitter:data1\" content=\"PYCSA\" \/>\n\t<meta name=\"twitter:label2\" content=\"Est. reading time\" \/>\n\t<meta name=\"twitter:data2\" content=\"1 minute\" \/>\n<script type=\"application\/ld+json\" class=\"yoast-schema-graph\">{\"@context\":\"https:\\\/\\\/schema.org\",\"@graph\":[{\"@type\":\"Article\",\"@id\":\"https:\\\/\\\/www.personasyciudad.es\\\/personas-y-ciudad-se-une-al-minuto-de-silencio-por-las-victimas-de-la-dana\\\/#article\",\"isPartOf\":{\"@id\":\"https:\\\/\\\/www.personasyciudad.es\\\/personas-y-ciudad-se-une-al-minuto-de-silencio-por-las-victimas-de-la-dana\\\/\"},\"author\":{\"name\":\"PYCSA\",\"@id\":\"https:\\\/\\\/www.personasyciudad.es\\\/#\\\/schema\\\/person\\\/af11b25079a195b40c0b6fb58e76d138\"},\"headline\":\"Persones i Ciutat s&#8217;unix al minut de silenci per les v\u00edctimes de la DANA\",\"datePublished\":\"2025-10-29T13:56:55+00:00\",\"dateModified\":\"2025-11-25T10:03:21+00:00\",\"mainEntityOfPage\":{\"@id\":\"https:\\\/\\\/www.personasyciudad.es\\\/personas-y-ciudad-se-une-al-minuto-de-silencio-por-las-victimas-de-la-dana\\\/\"},\"wordCount\":197,\"publisher\":{\"@id\":\"https:\\\/\\\/www.personasyciudad.es\\\/#organization\"},\"image\":{\"@id\":\"https:\\\/\\\/www.personasyciudad.es\\\/personas-y-ciudad-se-une-al-minuto-de-silencio-por-las-victimas-de-la-dana\\\/#primaryimage\"},\"thumbnailUrl\":\"https:\\\/\\\/www.personasyciudad.es\\\/wp-content\\\/uploads\\\/2025\\\/10\\\/IMG_9112-scaled-e1761743296577.jpeg\",\"articleSection\":[\"Noticies\"],\"inLanguage\":\"ca-ES\"},{\"@type\":\"WebPage\",\"@id\":\"https:\\\/\\\/www.personasyciudad.es\\\/personas-y-ciudad-se-une-al-minuto-de-silencio-por-las-victimas-de-la-dana\\\/\",\"url\":\"https:\\\/\\\/www.personasyciudad.es\\\/personas-y-ciudad-se-une-al-minuto-de-silencio-por-las-victimas-de-la-dana\\\/\",\"name\":\"Persones i Ciutat s'unix al minut de silenci per les v\u00edctimes de la DANA - Personas y Ciudad\",\"isPartOf\":{\"@id\":\"https:\\\/\\\/www.personasyciudad.es\\\/#website\"},\"primaryImageOfPage\":{\"@id\":\"https:\\\/\\\/www.personasyciudad.es\\\/personas-y-ciudad-se-une-al-minuto-de-silencio-por-las-victimas-de-la-dana\\\/#primaryimage\"},\"image\":{\"@id\":\"https:\\\/\\\/www.personasyciudad.es\\\/personas-y-ciudad-se-une-al-minuto-de-silencio-por-las-victimas-de-la-dana\\\/#primaryimage\"},\"thumbnailUrl\":\"https:\\\/\\\/www.personasyciudad.es\\\/wp-content\\\/uploads\\\/2025\\\/10\\\/IMG_9112-scaled-e1761743296577.jpeg\",\"datePublished\":\"2025-10-29T13:56:55+00:00\",\"dateModified\":\"2025-11-25T10:03:21+00:00\",\"breadcrumb\":{\"@id\":\"https:\\\/\\\/www.personasyciudad.es\\\/personas-y-ciudad-se-une-al-minuto-de-silencio-por-las-victimas-de-la-dana\\\/#breadcrumb\"},\"inLanguage\":\"ca-ES\",\"potentialAction\":[{\"@type\":\"ReadAction\",\"target\":[\"https:\\\/\\\/www.personasyciudad.es\\\/personas-y-ciudad-se-une-al-minuto-de-silencio-por-las-victimas-de-la-dana\\\/\"]}]},{\"@type\":\"ImageObject\",\"inLanguage\":\"ca-ES\",\"@id\":\"https:\\\/\\\/www.personasyciudad.es\\\/personas-y-ciudad-se-une-al-minuto-de-silencio-por-las-victimas-de-la-dana\\\/#primaryimage\",\"url\":\"https:\\\/\\\/www.personasyciudad.es\\\/wp-content\\\/uploads\\\/2025\\\/10\\\/IMG_9112-scaled-e1761743296577.jpeg\",\"contentUrl\":\"https:\\\/\\\/www.personasyciudad.es\\\/wp-content\\\/uploads\\\/2025\\\/10\\\/IMG_9112-scaled-e1761743296577.jpeg\",\"width\":2560,\"height\":2148},{\"@type\":\"BreadcrumbList\",\"@id\":\"https:\\\/\\\/www.personasyciudad.es\\\/personas-y-ciudad-se-une-al-minuto-de-silencio-por-las-victimas-de-la-dana\\\/#breadcrumb\",\"itemListElement\":[{\"@type\":\"ListItem\",\"position\":1,\"name\":\"Portada\",\"item\":\"https:\\\/\\\/www.personasyciudad.es\\\/\"},{\"@type\":\"ListItem\",\"position\":2,\"name\":\"Persones i Ciutat s&#8217;unix al minut de silenci per les v\u00edctimes de la DANA\"}]},{\"@type\":\"WebSite\",\"@id\":\"https:\\\/\\\/www.personasyciudad.es\\\/#website\",\"url\":\"https:\\\/\\\/www.personasyciudad.es\\\/\",\"name\":\"Personas y Ciudad\",\"description\":\"Actividades del Ayuntamiento de Sant Joan d\u2019Alacant\",\"publisher\":{\"@id\":\"https:\\\/\\\/www.personasyciudad.es\\\/#organization\"},\"potentialAction\":[{\"@type\":\"SearchAction\",\"target\":{\"@type\":\"EntryPoint\",\"urlTemplate\":\"https:\\\/\\\/www.personasyciudad.es\\\/?s={search_term_string}\"},\"query-input\":{\"@type\":\"PropertyValueSpecification\",\"valueRequired\":true,\"valueName\":\"search_term_string\"}}],\"inLanguage\":\"ca-ES\"},{\"@type\":\"Organization\",\"@id\":\"https:\\\/\\\/www.personasyciudad.es\\\/#organization\",\"name\":\"personas y ciudad\",\"url\":\"https:\\\/\\\/www.personasyciudad.es\\\/\",\"logo\":{\"@type\":\"ImageObject\",\"inLanguage\":\"ca-ES\",\"@id\":\"https:\\\/\\\/www.personasyciudad.es\\\/#\\\/schema\\\/logo\\\/image\\\/\",\"url\":\"https:\\\/\\\/www.personasyciudad.es\\\/wp-content\\\/uploads\\\/2023\\\/04\\\/logo_positivo.png\",\"contentUrl\":\"https:\\\/\\\/www.personasyciudad.es\\\/wp-content\\\/uploads\\\/2023\\\/04\\\/logo_positivo.png\",\"width\":500,\"height\":510,\"caption\":\"personas y ciudad\"},\"image\":{\"@id\":\"https:\\\/\\\/www.personasyciudad.es\\\/#\\\/schema\\\/logo\\\/image\\\/\"}},{\"@type\":\"Person\",\"@id\":\"https:\\\/\\\/www.personasyciudad.es\\\/#\\\/schema\\\/person\\\/af11b25079a195b40c0b6fb58e76d138\",\"name\":\"PYCSA\",\"url\":\"https:\\\/\\\/www.personasyciudad.es\\\/ca-es\\\/author\\\/pycsa\\\/\"}]}<\/script>\n<!-- \/ Yoast SEO plugin. -->","yoast_head_json":{"title":"Persones i Ciutat s'unix al minut de silenci per les v\u00edctimes de la DANA - Personas y Ciudad","robots":{"index":"index","follow":"follow","max-snippet":"max-snippet:-1","max-image-preview":"max-image-preview:large","max-video-preview":"max-video-preview:-1"},"canonical":"https:\/\/www.personasyciudad.es\/personas-y-ciudad-se-une-al-minuto-de-silencio-por-las-victimas-de-la-dana\/","og_locale":"ca_ES","og_type":"article","og_title":"Persones i Ciutat s'unix al minut de silenci per les v\u00edctimes de la DANA - Personas y Ciudad","og_description":"Sant Joan d&#8217;Alacant, 29 d&#8217;octubre de 2025. L&#8217;empresa Personas y Ciudad ha participat este dimecres en el minut de silenci convocat per l&#8217;Ajuntament de Sant Joan d&#8217;Alacant en mem\u00f2ria de les v\u00edctimes i damnificats de la recent Depressi\u00f3 A\u00efllada en Nivells Alts (DANA) que ha afectat diverses zones de la Comunitat Valenciana.L&#8217;acte, celebrat a les [&hellip;]","og_url":"https:\/\/www.personasyciudad.es\/personas-y-ciudad-se-une-al-minuto-de-silencio-por-las-victimas-de-la-dana\/","og_site_name":"Personas y Ciudad","article_published_time":"2025-10-29T13:56:55+00:00","article_modified_time":"2025-11-25T10:03:21+00:00","og_image":[{"width":2560,"height":2148,"url":"https:\/\/www.personasyciudad.es\/wp-content\/uploads\/2025\/10\/IMG_9112-scaled-e1761743296577.jpeg","type":"image\/jpeg"}],"author":"PYCSA","twitter_card":"summary_large_image","twitter_misc":{"Written by":"PYCSA","Est. reading time":"1 minute"},"schema":{"@context":"https:\/\/schema.org","@graph":[{"@type":"Article","@id":"https:\/\/www.personasyciudad.es\/personas-y-ciudad-se-une-al-minuto-de-silencio-por-las-victimas-de-la-dana\/#article","isPartOf":{"@id":"https:\/\/www.personasyciudad.es\/personas-y-ciudad-se-une-al-minuto-de-silencio-por-las-victimas-de-la-dana\/"},"author":{"name":"PYCSA","@id":"https:\/\/www.personasyciudad.es\/#\/schema\/person\/af11b25079a195b40c0b6fb58e76d138"},"headline":"Persones i Ciutat s&#8217;unix al minut de silenci per les v\u00edctimes de la DANA","datePublished":"2025-10-29T13:56:55+00:00","dateModified":"2025-11-25T10:03:21+00:00","mainEntityOfPage":{"@id":"https:\/\/www.personasyciudad.es\/personas-y-ciudad-se-une-al-minuto-de-silencio-por-las-victimas-de-la-dana\/"},"wordCount":197,"publisher":{"@id":"https:\/\/www.personasyciudad.es\/#organization"},"image":{"@id":"https:\/\/www.personasyciudad.es\/personas-y-ciudad-se-une-al-minuto-de-silencio-por-las-victimas-de-la-dana\/#primaryimage"},"thumbnailUrl":"https:\/\/www.personasyciudad.es\/wp-content\/uploads\/2025\/10\/IMG_9112-scaled-e1761743296577.jpeg","articleSection":["Noticies"],"inLanguage":"ca-ES"},{"@type":"WebPage","@id":"https:\/\/www.personasyciudad.es\/personas-y-ciudad-se-une-al-minuto-de-silencio-por-las-victimas-de-la-dana\/","url":"https:\/\/www.personasyciudad.es\/personas-y-ciudad-se-une-al-minuto-de-silencio-por-las-victimas-de-la-dana\/","name":"Persones i Ciutat s'unix al minut de silenci per les v\u00edctimes de la DANA - Personas y Ciudad","isPartOf":{"@id":"https:\/\/www.personasyciudad.es\/#website"},"primaryImageOfPage":{"@id":"https:\/\/www.personasyciudad.es\/personas-y-ciudad-se-une-al-minuto-de-silencio-por-las-victimas-de-la-dana\/#primaryimage"},"image":{"@id":"https:\/\/www.personasyciudad.es\/personas-y-ciudad-se-une-al-minuto-de-silencio-por-las-victimas-de-la-dana\/#primaryimage"},"thumbnailUrl":"https:\/\/www.personasyciudad.es\/wp-content\/uploads\/2025\/10\/IMG_9112-scaled-e1761743296577.jpeg","datePublished":"2025-10-29T13:56:55+00:00","dateModified":"2025-11-25T10:03:21+00:00","breadcrumb":{"@id":"https:\/\/www.personasyciudad.es\/personas-y-ciudad-se-une-al-minuto-de-silencio-por-las-victimas-de-la-dana\/#breadcrumb"},"inLanguage":"ca-ES","potentialAction":[{"@type":"ReadAction","target":["https:\/\/www.personasyciudad.es\/personas-y-ciudad-se-une-al-minuto-de-silencio-por-las-victimas-de-la-dana\/"]}]},{"@type":"ImageObject","inLanguage":"ca-ES","@id":"https:\/\/www.personasyciudad.es\/personas-y-ciudad-se-une-al-minuto-de-silencio-por-las-victimas-de-la-dana\/#primaryimage","url":"https:\/\/www.personasyciudad.es\/wp-content\/uploads\/2025\/10\/IMG_9112-scaled-e1761743296577.jpeg","contentUrl":"https:\/\/www.personasyciudad.es\/wp-content\/uploads\/2025\/10\/IMG_9112-scaled-e1761743296577.jpeg","width":2560,"height":2148},{"@type":"BreadcrumbList","@id":"https:\/\/www.personasyciudad.es\/personas-y-ciudad-se-une-al-minuto-de-silencio-por-las-victimas-de-la-dana\/#breadcrumb","itemListElement":[{"@type":"ListItem","position":1,"name":"Portada","item":"https:\/\/www.personasyciudad.es\/"},{"@type":"ListItem","position":2,"name":"Persones i Ciutat s&#8217;unix al minut de silenci per les v\u00edctimes de la DANA"}]},{"@type":"WebSite","@id":"https:\/\/www.personasyciudad.es\/#website","url":"https:\/\/www.personasyciudad.es\/","name":"Personas y Ciudad","description":"Actividades del Ayuntamiento de Sant Joan d\u2019Alacant","publisher":{"@id":"https:\/\/www.personasyciudad.es\/#organization"},"potentialAction":[{"@type":"SearchAction","target":{"@type":"EntryPoint","urlTemplate":"https:\/\/www.personasyciudad.es\/?s={search_term_string}"},"query-input":{"@type":"PropertyValueSpecification","valueRequired":true,"valueName":"search_term_string"}}],"inLanguage":"ca-ES"},{"@type":"Organization","@id":"https:\/\/www.personasyciudad.es\/#organization","name":"personas y ciudad","url":"https:\/\/www.personasyciudad.es\/","logo":{"@type":"ImageObject","inLanguage":"ca-ES","@id":"https:\/\/www.personasyciudad.es\/#\/schema\/logo\/image\/","url":"https:\/\/www.personasyciudad.es\/wp-content\/uploads\/2023\/04\/logo_positivo.png","contentUrl":"https:\/\/www.personasyciudad.es\/wp-content\/uploads\/2023\/04\/logo_positivo.png","width":500,"height":510,"caption":"personas y ciudad"},"image":{"@id":"https:\/\/www.personasyciudad.es\/#\/schema\/logo\/image\/"}},{"@type":"Person","@id":"https:\/\/www.personasyciudad.es\/#\/schema\/person\/af11b25079a195b40c0b6fb58e76d138","name":"PYCSA","url":"https:\/\/www.personasyciudad.es\/ca-es\/author\/pycsa\/"}]}},"_links":{"self":[{"href":"https:\/\/www.personasyciudad.es\/ca-es\/wp-json\/wp\/v2\/posts\/6402","targetHints":{"allow":["GET"]}}],"collection":[{"href":"https:\/\/www.personasyciudad.es\/ca-es\/wp-json\/wp\/v2\/posts"}],"about":[{"href":"https:\/\/www.personasyciudad.es\/ca-es\/wp-json\/wp\/v2\/types\/post"}],"author":[{"embeddable":true,"href":"https:\/\/www.personasyciudad.es\/ca-es\/wp-json\/wp\/v2\/users\/3"}],"replies":[{"embeddable":true,"href":"https:\/\/www.personasyciudad.es\/ca-es\/wp-json\/wp\/v2\/comments?post=6402"}],"version-history":[{"count":16,"href":"https:\/\/www.personasyciudad.es\/ca-es\/wp-json\/wp\/v2\/posts\/6402\/revisions"}],"predecessor-version":[{"id":6567,"href":"https:\/\/www.personasyciudad.es\/ca-es\/wp-json\/wp\/v2\/posts\/6402\/revisions\/6567"}],"wp:featuredmedia":[{"embeddable":true,"href":"https:\/\/www.personasyciudad.es\/ca-es\/wp-json\/wp\/v2\/media\/6410"}],"wp:attachment":[{"href":"https:\/\/www.personasyciudad.es\/ca-es\/wp-json\/wp\/v2\/media?parent=6402"}],"wp:term":[{"taxonomy":"category","embeddable":true,"href":"https:\/\/www.personasyciudad.es\/ca-es\/wp-json\/wp\/v2\/categories?post=6402"},{"taxonomy":"post_tag","embeddable":true,"href":"https:\/\/www.personasyciudad.es\/ca-es\/wp-json\/wp\/v2\/tags?post=6402"}],"curies":[{"name":"wp","href":"https:\/\/api.w.org\/{rel}","templated":true}]}}