{"id":6598,"date":"2025-12-05T14:48:07","date_gmt":"2025-12-05T13:48:07","guid":{"rendered":"https:\/\/www.personasyciudad.es\/?p=6598"},"modified":"2025-12-10T13:50:53","modified_gmt":"2025-12-10T12:50:53","slug":"personas-y-ciudad-acudix-a-la-iii-trobada-internacional-sobre-vivenda-protegida-social-i-assequible","status":"publish","type":"post","link":"https:\/\/www.personasyciudad.es\/ca-es\/personas-y-ciudad-acudix-a-la-iii-trobada-internacional-sobre-vivenda-protegida-social-i-assequible\/","title":{"rendered":"Personas y Ciudad acudix a la III Trobada Internacional sobre Vivenda Protegida, Social i Assequible"},"content":{"rendered":"\t\t<div data-elementor-type=\"wp-post\" data-elementor-id=\"6598\" class=\"elementor elementor-6598 elementor-6597\" data-elementor-post-type=\"post\">\n\t\t\t\t\t\t<section class=\"elementor-section elementor-top-section elementor-element elementor-element-2b5f1cd0 elementor-section-boxed elementor-section-height-default elementor-section-height-default\" data-id=\"2b5f1cd0\" data-element_type=\"section\">\n\t\t\t\t\t\t<div class=\"elementor-container elementor-column-gap-default\">\n\t\t\t\t\t<div class=\"elementor-column elementor-col-100 elementor-top-column elementor-element elementor-element-74efd0d5\" data-id=\"74efd0d5\" data-element_type=\"column\">\n\t\t\t<div class=\"elementor-widget-wrap elementor-element-populated\">\n\t\t\t\t\t\t<div class=\"elementor-element elementor-element-66d973b elementor-widget elementor-widget-image\" data-id=\"66d973b\" data-element_type=\"widget\" data-widget_type=\"image.default\">\n\t\t\t\t<div class=\"elementor-widget-container\">\n\t\t\t<style>\/*! elementor - v3.23.0 - 05-08-2024 *\/\n.elementor-widget-image{text-align:center}.elementor-widget-image a{display:inline-block}.elementor-widget-image a img[src$=\".svg\"]{width:48px}.elementor-widget-image img{vertical-align:middle;display:inline-block}<\/style>\t\t\t\t\t\t\t\t\t\t<img fetchpriority=\"high\" decoding=\"async\" width=\"768\" height=\"512\" src=\"https:\/\/www.personasyciudad.es\/wp-content\/uploads\/2025\/11\/1024x768-1-69172a52259f6-1-1-768x512.png\" class=\"attachment-medium_large size-medium_large wp-image-6525\" alt=\"\" srcset=\"https:\/\/www.personasyciudad.es\/wp-content\/uploads\/2025\/11\/1024x768-1-69172a52259f6-1-1-768x512.png 768w, https:\/\/www.personasyciudad.es\/wp-content\/uploads\/2025\/11\/1024x768-1-69172a52259f6-1-1-300x200.png 300w, https:\/\/www.personasyciudad.es\/wp-content\/uploads\/2025\/11\/1024x768-1-69172a52259f6-1-1-1024x683.png 1024w, https:\/\/www.personasyciudad.es\/wp-content\/uploads\/2025\/11\/1024x768-1-69172a52259f6-1-1.png 1500w\" sizes=\"(max-width: 768px) 100vw, 768px\" \/>\t\t\t\t\t\t\t\t\t\t\t\t\t<\/div>\n\t\t\t\t<\/div>\n\t\t\t\t<div class=\"elementor-element elementor-element-63b218bc elementor-widget elementor-widget-text-editor\" data-id=\"63b218bc\" data-element_type=\"widget\" data-widget_type=\"text-editor.default\">\n\t\t\t\t<div class=\"elementor-widget-container\">\n\t\t\t<style>\/*! elementor - v3.23.0 - 05-08-2024 *\/\n.elementor-widget-text-editor.elementor-drop-cap-view-stacked .elementor-drop-cap{background-color:#69727d;color:#fff}.elementor-widget-text-editor.elementor-drop-cap-view-framed .elementor-drop-cap{color:#69727d;border:3px solid;background-color:transparent}.elementor-widget-text-editor:not(.elementor-drop-cap-view-default) .elementor-drop-cap{margin-top:8px}.elementor-widget-text-editor:not(.elementor-drop-cap-view-default) .elementor-drop-cap-letter{width:1em;height:1em}.elementor-widget-text-editor .elementor-drop-cap{float:left;text-align:center;line-height:1;font-size:50px}.elementor-widget-text-editor .elementor-drop-cap-letter{display:inline-block}<\/style>\t\t\t\t<p>Sant Joan d&#8217;Alacant, 20 de novembre de 2025.<\/p>\n<p><strong>Rosa Cussac Crespo<\/strong>, gerent de l&#8217;empresa municipal <em>Persones i Ciutat<\/em>, ha participat en les sessions de la <strong>III Trobada Internacional sobre Vivenda<\/strong> <strong>Protegida, Social i Assequible<\/strong>, un f\u00f2rum que ha reunit representants institucionals, gestors p\u00fablics i entitats europees per a intercanviar experi\u00e8ncies i estrat\u00e8gies entorn de la vivenda social i assequible.<\/p>\n<p><strong><img decoding=\"async\" class=\"wp-image-6517 alignright\" src=\"https:\/\/www.personasyciudad.es\/wp-content\/uploads\/2025\/11\/ChatGPT-Image-19-nov-2025-14_34_38-1-300x200.png\" alt=\"\" width=\"252\" height=\"168\" \/><\/strong><\/p>\n<p>L&#8217;esdeveniment, celebrat els dies 13 i 14 de novembre de 2025 a M\u00e0laga, organitzat per l&#8217;Associaci\u00f3 Espanyola de Gestors P\u00fablics de Vivenda i S\u00f2l (AVS) en col\u00b7laboraci\u00f3 amb <strong>Housing Europe<\/strong> i l&#8217;<strong>Ajuntament de M\u00e0laga<\/strong>, ha tingut lloc en el marc de SIMED 2025.<\/p>\n<p>La jornada inaugural va incloure la intervenci\u00f3 de <strong>Marco Corradi<\/strong>, president de Housing Europe, juntament amb la presentaci\u00f3 del nou <strong>Pla Estatal de Vivenda i S\u00f2l<\/strong> per part del MIVAU i SEPES.<\/p>\n<p>Entre els continguts m\u00e9s destacats figura la presentaci\u00f3 del projecte europeu <strong>INSPIRE-US<\/strong>, orientat a la rehabilitaci\u00f3 com a motor per a impulsar la vivenda assequible, aix\u00ed com el lliurament dels <strong>Premis AVS 2025<\/strong>, que van recon\u00e9ixer les millors iniciatives en edificaci\u00f3 sostenible, innovaci\u00f3 social, rehabilitaci\u00f3 i regeneraci\u00f3 urbana.<\/p>\n<p>El <strong>F\u00f2rum de Col\u00b7laboraci\u00f3 P\u00fablico-Privada<\/strong>, que va posar fi a la trobada, va abordar q\u00fcestions clau com la vivenda amb impacte social, la perspectiva europea sobre la vivenda assequible, la gesti\u00f3 del s\u00f2l i els models auton\u00f2mics de vivenda.<\/p>\n\t\t\t\t\t\t<\/div>\n\t\t\t\t<\/div>\n\t\t\t\t\t<\/div>\n\t\t<\/div>\n\t\t\t\t\t<\/div>\n\t\t<\/section>\n\t\t\t\t<\/div>\n\t\t","protected":false},"excerpt":{"rendered":"<p>Sant Joan d&#8217;Alacant, 20 de novembre de 2025. Rosa Cussac Crespo, gerent de l&#8217;empresa municipal Persones i Ciutat, ha participat en les sessions de la III Trobada Internacional sobre Vivenda Protegida, Social i Assequible, un f\u00f2rum que ha reunit representants institucionals, gestors p\u00fablics i entitats europees per a intercanviar experi\u00e8ncies i estrat\u00e8gies entorn de la [&hellip;]<\/p>\n","protected":false},"author":3,"featured_media":6602,"comment_status":"closed","ping_status":"open","sticky":false,"template":"","format":"standard","meta":{"footnotes":""},"categories":[26],"tags":[],"class_list":["post-6598","post","type-post","status-publish","format-standard","has-post-thumbnail","hentry","category-noticies"],"yoast_head":"<!-- This site is optimized with the Yoast SEO plugin v27.4 - https:\/\/yoast.com\/product\/yoast-seo-wordpress\/ -->\n<title>Personas y Ciudad acudix a la III Trobada Internacional sobre Vivenda Protegida, Social i Assequible - Personas y Ciudad<\/title>\n<meta name=\"robots\" content=\"index, follow, max-snippet:-1, max-image-preview:large, max-video-preview:-1\" \/>\n<link rel=\"canonical\" href=\"https:\/\/www.personasyciudad.es\/personas-y-ciudad-cumple-un-nuevo-objetivo-importante\/\" \/>\n<meta property=\"og:locale\" content=\"ca_ES\" \/>\n<meta property=\"og:type\" content=\"article\" \/>\n<meta property=\"og:title\" content=\"Personas y Ciudad acudix a la III Trobada Internacional sobre Vivenda Protegida, Social i Assequible - Personas y Ciudad\" \/>\n<meta property=\"og:description\" content=\"Sant Joan d&#8217;Alacant, 20 de novembre de 2025. Rosa Cussac Crespo, gerent de l&#8217;empresa municipal Persones i Ciutat, ha participat en les sessions de la III Trobada Internacional sobre Vivenda Protegida, Social i Assequible, un f\u00f2rum que ha reunit representants institucionals, gestors p\u00fablics i entitats europees per a intercanviar experi\u00e8ncies i estrat\u00e8gies entorn de la [&hellip;]\" \/>\n<meta property=\"og:url\" content=\"https:\/\/www.personasyciudad.es\/personas-y-ciudad-cumple-un-nuevo-objetivo-importante\/\" \/>\n<meta property=\"og:site_name\" content=\"Personas y Ciudad\" \/>\n<meta property=\"article:published_time\" content=\"2025-12-05T13:48:07+00:00\" \/>\n<meta property=\"article:modified_time\" content=\"2025-12-10T12:50:53+00:00\" \/>\n<meta property=\"og:image\" content=\"https:\/\/www.personasyciudad.es\/wp-content\/uploads\/2025\/12\/todos.jpeg\" \/>\n\t<meta property=\"og:image:width\" content=\"1500\" \/>\n\t<meta property=\"og:image:height\" content=\"1000\" \/>\n\t<meta property=\"og:image:type\" content=\"image\/jpeg\" \/>\n<meta name=\"author\" content=\"PYCSA\" \/>\n<meta name=\"twitter:card\" content=\"summary_large_image\" \/>\n<meta name=\"twitter:label1\" content=\"Written by\" \/>\n\t<meta name=\"twitter:data1\" content=\"PYCSA\" \/>\n\t<meta name=\"twitter:label2\" content=\"Est. reading time\" \/>\n\t<meta name=\"twitter:data2\" content=\"1 minute\" \/>\n<script type=\"application\/ld+json\" class=\"yoast-schema-graph\">{\"@context\":\"https:\\\/\\\/schema.org\",\"@graph\":[{\"@type\":\"Article\",\"@id\":\"https:\\\/\\\/www.personasyciudad.es\\\/personas-y-ciudad-cumple-un-nuevo-objetivo-importante\\\/#article\",\"isPartOf\":{\"@id\":\"https:\\\/\\\/www.personasyciudad.es\\\/personas-y-ciudad-cumple-un-nuevo-objetivo-importante\\\/\"},\"author\":{\"name\":\"PYCSA\",\"@id\":\"https:\\\/\\\/www.personasyciudad.es\\\/#\\\/schema\\\/person\\\/af11b25079a195b40c0b6fb58e76d138\"},\"headline\":\"Personas y Ciudad acudix a la III Trobada Internacional sobre Vivenda Protegida, Social i Assequible\",\"datePublished\":\"2025-12-05T13:48:07+00:00\",\"dateModified\":\"2025-12-10T12:50:53+00:00\",\"mainEntityOfPage\":{\"@id\":\"https:\\\/\\\/www.personasyciudad.es\\\/personas-y-ciudad-cumple-un-nuevo-objetivo-importante\\\/\"},\"wordCount\":252,\"publisher\":{\"@id\":\"https:\\\/\\\/www.personasyciudad.es\\\/#organization\"},\"image\":{\"@id\":\"https:\\\/\\\/www.personasyciudad.es\\\/personas-y-ciudad-cumple-un-nuevo-objetivo-importante\\\/#primaryimage\"},\"thumbnailUrl\":\"https:\\\/\\\/www.personasyciudad.es\\\/wp-content\\\/uploads\\\/2025\\\/12\\\/todos.jpeg\",\"articleSection\":[\"Noticies\"],\"inLanguage\":\"ca-ES\"},{\"@type\":\"WebPage\",\"@id\":\"https:\\\/\\\/www.personasyciudad.es\\\/personas-y-ciudad-cumple-un-nuevo-objetivo-importante\\\/\",\"url\":\"https:\\\/\\\/www.personasyciudad.es\\\/personas-y-ciudad-cumple-un-nuevo-objetivo-importante\\\/\",\"name\":\"Personas y Ciudad acudix a la III Trobada Internacional sobre Vivenda Protegida, Social i Assequible - Personas y Ciudad\",\"isPartOf\":{\"@id\":\"https:\\\/\\\/www.personasyciudad.es\\\/#website\"},\"primaryImageOfPage\":{\"@id\":\"https:\\\/\\\/www.personasyciudad.es\\\/personas-y-ciudad-cumple-un-nuevo-objetivo-importante\\\/#primaryimage\"},\"image\":{\"@id\":\"https:\\\/\\\/www.personasyciudad.es\\\/personas-y-ciudad-cumple-un-nuevo-objetivo-importante\\\/#primaryimage\"},\"thumbnailUrl\":\"https:\\\/\\\/www.personasyciudad.es\\\/wp-content\\\/uploads\\\/2025\\\/12\\\/todos.jpeg\",\"datePublished\":\"2025-12-05T13:48:07+00:00\",\"dateModified\":\"2025-12-10T12:50:53+00:00\",\"breadcrumb\":{\"@id\":\"https:\\\/\\\/www.personasyciudad.es\\\/personas-y-ciudad-cumple-un-nuevo-objetivo-importante\\\/#breadcrumb\"},\"inLanguage\":\"ca-ES\",\"potentialAction\":[{\"@type\":\"ReadAction\",\"target\":[\"https:\\\/\\\/www.personasyciudad.es\\\/personas-y-ciudad-cumple-un-nuevo-objetivo-importante\\\/\"]}]},{\"@type\":\"ImageObject\",\"inLanguage\":\"ca-ES\",\"@id\":\"https:\\\/\\\/www.personasyciudad.es\\\/personas-y-ciudad-cumple-un-nuevo-objetivo-importante\\\/#primaryimage\",\"url\":\"https:\\\/\\\/www.personasyciudad.es\\\/wp-content\\\/uploads\\\/2025\\\/12\\\/todos.jpeg\",\"contentUrl\":\"https:\\\/\\\/www.personasyciudad.es\\\/wp-content\\\/uploads\\\/2025\\\/12\\\/todos.jpeg\",\"width\":1500,\"height\":1000},{\"@type\":\"BreadcrumbList\",\"@id\":\"https:\\\/\\\/www.personasyciudad.es\\\/personas-y-ciudad-cumple-un-nuevo-objetivo-importante\\\/#breadcrumb\",\"itemListElement\":[{\"@type\":\"ListItem\",\"position\":1,\"name\":\"Portada\",\"item\":\"https:\\\/\\\/www.personasyciudad.es\\\/\"},{\"@type\":\"ListItem\",\"position\":2,\"name\":\"Personas y Ciudad acudix a la III Trobada Internacional sobre Vivenda Protegida, Social i Assequible\"}]},{\"@type\":\"WebSite\",\"@id\":\"https:\\\/\\\/www.personasyciudad.es\\\/#website\",\"url\":\"https:\\\/\\\/www.personasyciudad.es\\\/\",\"name\":\"Personas y Ciudad\",\"description\":\"Actividades del Ayuntamiento de Sant Joan d\u2019Alacant\",\"publisher\":{\"@id\":\"https:\\\/\\\/www.personasyciudad.es\\\/#organization\"},\"potentialAction\":[{\"@type\":\"SearchAction\",\"target\":{\"@type\":\"EntryPoint\",\"urlTemplate\":\"https:\\\/\\\/www.personasyciudad.es\\\/?s={search_term_string}\"},\"query-input\":{\"@type\":\"PropertyValueSpecification\",\"valueRequired\":true,\"valueName\":\"search_term_string\"}}],\"inLanguage\":\"ca-ES\"},{\"@type\":\"Organization\",\"@id\":\"https:\\\/\\\/www.personasyciudad.es\\\/#organization\",\"name\":\"personas y ciudad\",\"url\":\"https:\\\/\\\/www.personasyciudad.es\\\/\",\"logo\":{\"@type\":\"ImageObject\",\"inLanguage\":\"ca-ES\",\"@id\":\"https:\\\/\\\/www.personasyciudad.es\\\/#\\\/schema\\\/logo\\\/image\\\/\",\"url\":\"https:\\\/\\\/www.personasyciudad.es\\\/wp-content\\\/uploads\\\/2023\\\/04\\\/logo_positivo.png\",\"contentUrl\":\"https:\\\/\\\/www.personasyciudad.es\\\/wp-content\\\/uploads\\\/2023\\\/04\\\/logo_positivo.png\",\"width\":500,\"height\":510,\"caption\":\"personas y ciudad\"},\"image\":{\"@id\":\"https:\\\/\\\/www.personasyciudad.es\\\/#\\\/schema\\\/logo\\\/image\\\/\"}},{\"@type\":\"Person\",\"@id\":\"https:\\\/\\\/www.personasyciudad.es\\\/#\\\/schema\\\/person\\\/af11b25079a195b40c0b6fb58e76d138\",\"name\":\"PYCSA\",\"url\":\"https:\\\/\\\/www.personasyciudad.es\\\/ca-es\\\/author\\\/pycsa\\\/\"}]}<\/script>\n<!-- \/ Yoast SEO plugin. -->","yoast_head_json":{"title":"Personas y Ciudad acudix a la III Trobada Internacional sobre Vivenda Protegida, Social i Assequible - Personas y Ciudad","robots":{"index":"index","follow":"follow","max-snippet":"max-snippet:-1","max-image-preview":"max-image-preview:large","max-video-preview":"max-video-preview:-1"},"canonical":"https:\/\/www.personasyciudad.es\/personas-y-ciudad-cumple-un-nuevo-objetivo-importante\/","og_locale":"ca_ES","og_type":"article","og_title":"Personas y Ciudad acudix a la III Trobada Internacional sobre Vivenda Protegida, Social i Assequible - Personas y Ciudad","og_description":"Sant Joan d&#8217;Alacant, 20 de novembre de 2025. Rosa Cussac Crespo, gerent de l&#8217;empresa municipal Persones i Ciutat, ha participat en les sessions de la III Trobada Internacional sobre Vivenda Protegida, Social i Assequible, un f\u00f2rum que ha reunit representants institucionals, gestors p\u00fablics i entitats europees per a intercanviar experi\u00e8ncies i estrat\u00e8gies entorn de la [&hellip;]","og_url":"https:\/\/www.personasyciudad.es\/personas-y-ciudad-cumple-un-nuevo-objetivo-importante\/","og_site_name":"Personas y Ciudad","article_published_time":"2025-12-05T13:48:07+00:00","article_modified_time":"2025-12-10T12:50:53+00:00","og_image":[{"width":1500,"height":1000,"url":"https:\/\/www.personasyciudad.es\/wp-content\/uploads\/2025\/12\/todos.jpeg","type":"image\/jpeg"}],"author":"PYCSA","twitter_card":"summary_large_image","twitter_misc":{"Written by":"PYCSA","Est. reading time":"1 minute"},"schema":{"@context":"https:\/\/schema.org","@graph":[{"@type":"Article","@id":"https:\/\/www.personasyciudad.es\/personas-y-ciudad-cumple-un-nuevo-objetivo-importante\/#article","isPartOf":{"@id":"https:\/\/www.personasyciudad.es\/personas-y-ciudad-cumple-un-nuevo-objetivo-importante\/"},"author":{"name":"PYCSA","@id":"https:\/\/www.personasyciudad.es\/#\/schema\/person\/af11b25079a195b40c0b6fb58e76d138"},"headline":"Personas y Ciudad acudix a la III Trobada Internacional sobre Vivenda Protegida, Social i Assequible","datePublished":"2025-12-05T13:48:07+00:00","dateModified":"2025-12-10T12:50:53+00:00","mainEntityOfPage":{"@id":"https:\/\/www.personasyciudad.es\/personas-y-ciudad-cumple-un-nuevo-objetivo-importante\/"},"wordCount":252,"publisher":{"@id":"https:\/\/www.personasyciudad.es\/#organization"},"image":{"@id":"https:\/\/www.personasyciudad.es\/personas-y-ciudad-cumple-un-nuevo-objetivo-importante\/#primaryimage"},"thumbnailUrl":"https:\/\/www.personasyciudad.es\/wp-content\/uploads\/2025\/12\/todos.jpeg","articleSection":["Noticies"],"inLanguage":"ca-ES"},{"@type":"WebPage","@id":"https:\/\/www.personasyciudad.es\/personas-y-ciudad-cumple-un-nuevo-objetivo-importante\/","url":"https:\/\/www.personasyciudad.es\/personas-y-ciudad-cumple-un-nuevo-objetivo-importante\/","name":"Personas y Ciudad acudix a la III Trobada Internacional sobre Vivenda Protegida, Social i Assequible - Personas y Ciudad","isPartOf":{"@id":"https:\/\/www.personasyciudad.es\/#website"},"primaryImageOfPage":{"@id":"https:\/\/www.personasyciudad.es\/personas-y-ciudad-cumple-un-nuevo-objetivo-importante\/#primaryimage"},"image":{"@id":"https:\/\/www.personasyciudad.es\/personas-y-ciudad-cumple-un-nuevo-objetivo-importante\/#primaryimage"},"thumbnailUrl":"https:\/\/www.personasyciudad.es\/wp-content\/uploads\/2025\/12\/todos.jpeg","datePublished":"2025-12-05T13:48:07+00:00","dateModified":"2025-12-10T12:50:53+00:00","breadcrumb":{"@id":"https:\/\/www.personasyciudad.es\/personas-y-ciudad-cumple-un-nuevo-objetivo-importante\/#breadcrumb"},"inLanguage":"ca-ES","potentialAction":[{"@type":"ReadAction","target":["https:\/\/www.personasyciudad.es\/personas-y-ciudad-cumple-un-nuevo-objetivo-importante\/"]}]},{"@type":"ImageObject","inLanguage":"ca-ES","@id":"https:\/\/www.personasyciudad.es\/personas-y-ciudad-cumple-un-nuevo-objetivo-importante\/#primaryimage","url":"https:\/\/www.personasyciudad.es\/wp-content\/uploads\/2025\/12\/todos.jpeg","contentUrl":"https:\/\/www.personasyciudad.es\/wp-content\/uploads\/2025\/12\/todos.jpeg","width":1500,"height":1000},{"@type":"BreadcrumbList","@id":"https:\/\/www.personasyciudad.es\/personas-y-ciudad-cumple-un-nuevo-objetivo-importante\/#breadcrumb","itemListElement":[{"@type":"ListItem","position":1,"name":"Portada","item":"https:\/\/www.personasyciudad.es\/"},{"@type":"ListItem","position":2,"name":"Personas y Ciudad acudix a la III Trobada Internacional sobre Vivenda Protegida, Social i Assequible"}]},{"@type":"WebSite","@id":"https:\/\/www.personasyciudad.es\/#website","url":"https:\/\/www.personasyciudad.es\/","name":"Personas y Ciudad","description":"Actividades del Ayuntamiento de Sant Joan d\u2019Alacant","publisher":{"@id":"https:\/\/www.personasyciudad.es\/#organization"},"potentialAction":[{"@type":"SearchAction","target":{"@type":"EntryPoint","urlTemplate":"https:\/\/www.personasyciudad.es\/?s={search_term_string}"},"query-input":{"@type":"PropertyValueSpecification","valueRequired":true,"valueName":"search_term_string"}}],"inLanguage":"ca-ES"},{"@type":"Organization","@id":"https:\/\/www.personasyciudad.es\/#organization","name":"personas y ciudad","url":"https:\/\/www.personasyciudad.es\/","logo":{"@type":"ImageObject","inLanguage":"ca-ES","@id":"https:\/\/www.personasyciudad.es\/#\/schema\/logo\/image\/","url":"https:\/\/www.personasyciudad.es\/wp-content\/uploads\/2023\/04\/logo_positivo.png","contentUrl":"https:\/\/www.personasyciudad.es\/wp-content\/uploads\/2023\/04\/logo_positivo.png","width":500,"height":510,"caption":"personas y ciudad"},"image":{"@id":"https:\/\/www.personasyciudad.es\/#\/schema\/logo\/image\/"}},{"@type":"Person","@id":"https:\/\/www.personasyciudad.es\/#\/schema\/person\/af11b25079a195b40c0b6fb58e76d138","name":"PYCSA","url":"https:\/\/www.personasyciudad.es\/ca-es\/author\/pycsa\/"}]}},"_links":{"self":[{"href":"https:\/\/www.personasyciudad.es\/ca-es\/wp-json\/wp\/v2\/posts\/6598","targetHints":{"allow":["GET"]}}],"collection":[{"href":"https:\/\/www.personasyciudad.es\/ca-es\/wp-json\/wp\/v2\/posts"}],"about":[{"href":"https:\/\/www.personasyciudad.es\/ca-es\/wp-json\/wp\/v2\/types\/post"}],"author":[{"embeddable":true,"href":"https:\/\/www.personasyciudad.es\/ca-es\/wp-json\/wp\/v2\/users\/3"}],"replies":[{"embeddable":true,"href":"https:\/\/www.personasyciudad.es\/ca-es\/wp-json\/wp\/v2\/comments?post=6598"}],"version-history":[{"count":2,"href":"https:\/\/www.personasyciudad.es\/ca-es\/wp-json\/wp\/v2\/posts\/6598\/revisions"}],"predecessor-version":[{"id":6617,"href":"https:\/\/www.personasyciudad.es\/ca-es\/wp-json\/wp\/v2\/posts\/6598\/revisions\/6617"}],"wp:featuredmedia":[{"embeddable":true,"href":"https:\/\/www.personasyciudad.es\/ca-es\/wp-json\/wp\/v2\/media\/6602"}],"wp:attachment":[{"href":"https:\/\/www.personasyciudad.es\/ca-es\/wp-json\/wp\/v2\/media?parent=6598"}],"wp:term":[{"taxonomy":"category","embeddable":true,"href":"https:\/\/www.personasyciudad.es\/ca-es\/wp-json\/wp\/v2\/categories?post=6598"},{"taxonomy":"post_tag","embeddable":true,"href":"https:\/\/www.personasyciudad.es\/ca-es\/wp-json\/wp\/v2\/tags?post=6598"}],"curies":[{"name":"wp","href":"https:\/\/api.w.org\/{rel}","templated":true}]}}