{"id":6635,"date":"2026-01-08T14:56:41","date_gmt":"2026-01-08T13:56:41","guid":{"rendered":"https:\/\/www.personasyciudad.es\/sha-publicat-el-llistat-provisional-de-candidats-per-a-cobrir-vacants-de-treball-de-personal-de-neteja\/"},"modified":"2026-01-09T10:27:16","modified_gmt":"2026-01-09T09:27:16","slug":"sha-publicat-el-llistat-provisional-de-candidats-per-a-cobrir-vacants-de-treball-de-personal-de-neteja","status":"publish","type":"post","link":"https:\/\/www.personasyciudad.es\/ca-es\/sha-publicat-el-llistat-provisional-de-candidats-per-a-cobrir-vacants-de-treball-de-personal-de-neteja\/","title":{"rendered":"S&#8217;ha publicat el llistat provisional de candidats per a cobrir vacants de treball de personal de neteja"},"content":{"rendered":"\t\t<div data-elementor-type=\"wp-post\" data-elementor-id=\"6635\" class=\"elementor elementor-6635 elementor-6628\" data-elementor-post-type=\"post\">\n\t\t\t\t\t\t<section class=\"elementor-section elementor-top-section elementor-element elementor-element-239cb1bc elementor-section-boxed elementor-section-height-default elementor-section-height-default\" data-id=\"239cb1bc\" data-element_type=\"section\">\n\t\t\t\t\t\t<div class=\"elementor-container elementor-column-gap-default\">\n\t\t\t\t\t<div class=\"elementor-column elementor-col-100 elementor-top-column elementor-element elementor-element-6a90a211\" data-id=\"6a90a211\" data-element_type=\"column\">\n\t\t\t<div class=\"elementor-widget-wrap elementor-element-populated\">\n\t\t\t\t\t\t<div class=\"elementor-element elementor-element-28ea124 elementor-widget elementor-widget-text-editor\" data-id=\"28ea124\" data-element_type=\"widget\" data-widget_type=\"text-editor.default\">\n\t\t\t\t<div class=\"elementor-widget-container\">\n\t\t\t<style>\/*! elementor - v3.23.0 - 05-08-2024 *\/\n.elementor-widget-text-editor.elementor-drop-cap-view-stacked .elementor-drop-cap{background-color:#69727d;color:#fff}.elementor-widget-text-editor.elementor-drop-cap-view-framed .elementor-drop-cap{color:#69727d;border:3px solid;background-color:transparent}.elementor-widget-text-editor:not(.elementor-drop-cap-view-default) .elementor-drop-cap{margin-top:8px}.elementor-widget-text-editor:not(.elementor-drop-cap-view-default) .elementor-drop-cap-letter{width:1em;height:1em}.elementor-widget-text-editor .elementor-drop-cap{float:left;text-align:center;line-height:1;font-size:50px}.elementor-widget-text-editor .elementor-drop-cap-letter{display:inline-block}<\/style>\t\t\t\t<figure><img fetchpriority=\"high\" decoding=\"async\" class=\"alignnone wp-image-4567 size-full\" src=\"https:\/\/www.personasyciudad.es\/wp-content\/uploads\/2024\/11\/MicrosoftTeams-image-1-1-2.png\" alt=\"\" width=\"1500\" height=\"900\" srcset=\"https:\/\/www.personasyciudad.es\/wp-content\/uploads\/2024\/11\/MicrosoftTeams-image-1-1-2.png 1500w, https:\/\/www.personasyciudad.es\/wp-content\/uploads\/2024\/11\/MicrosoftTeams-image-1-1-2-300x180.png 300w, https:\/\/www.personasyciudad.es\/wp-content\/uploads\/2024\/11\/MicrosoftTeams-image-1-1-2-1024x614.png 1024w, https:\/\/www.personasyciudad.es\/wp-content\/uploads\/2024\/11\/MicrosoftTeams-image-1-1-2-768x461.png 768w, https:\/\/www.personasyciudad.es\/wp-content\/uploads\/2024\/11\/MicrosoftTeams-image-1-1-2-460x275.png 460w\" sizes=\"(max-width: 1500px) 100vw, 1500px\" \/><\/figure>\n<p><\/p>\n<div>\n<div>\n<p>09\/01\/2026.- S&#8217;han presentat 11 persones per a cobrir les vacants de treball com a personal de neteja. De les 11 candidatures han passat a la fase seg\u00fcent 5 persones, en haver aconseguit una puntuaci\u00f3 m\u00ednima de 30 punts.<\/p>\n<p>Segons les bases, si en 48 hores no existix cap reclamaci\u00f3 a esta llista, es considerar\u00e0 definitiva.<\/p>\n<\/div>\n<p><a href=\"https:\/\/www.personasyciudad.es\/wp-content\/uploads\/2026\/01\/20260109_LISTA_PREVIA_PROC_SELECCION_LIMPIEZA-firmado.pdf\" target=\"_blank\" rel=\"noopener\">Llistat provisional<\/a><\/p>\n<\/div>\n\t\t\t\t\t\t<\/div>\n\t\t\t\t<\/div>\n\t\t\t\t\t<\/div>\n\t\t<\/div>\n\t\t\t\t\t<\/div>\n\t\t<\/section>\n\t\t\t\t<\/div>\n\t\t","protected":false},"excerpt":{"rendered":"<p>09\/01\/2026.- S&#8217;han presentat 11 persones per a cobrir les vacants de treball com a personal de neteja. De les 11 candidatures han passat a la fase seg\u00fcent 5 persones, en haver aconseguit una puntuaci\u00f3 m\u00ednima de 30 punts. Segons les bases, si en 48 hores no existix cap reclamaci\u00f3 a esta llista, es considerar\u00e0 definitiva. [&hellip;]<\/p>\n","protected":false},"author":3,"featured_media":5400,"comment_status":"closed","ping_status":"open","sticky":false,"template":"","format":"standard","meta":{"footnotes":""},"categories":[27],"tags":[],"class_list":["post-6635","post","type-post","status-publish","format-standard","has-post-thumbnail","hentry","category-ocupacio"],"yoast_head":"<!-- This site is optimized with the Yoast SEO plugin v27.4 - https:\/\/yoast.com\/product\/yoast-seo-wordpress\/ -->\n<title>S&#039;ha publicat el llistat provisional de candidats per a cobrir vacants de treball de personal de neteja - Personas y Ciudad<\/title>\n<meta name=\"robots\" content=\"index, follow, max-snippet:-1, max-image-preview:large, max-video-preview:-1\" \/>\n<link rel=\"canonical\" href=\"https:\/\/www.personasyciudad.es\/se-ha-publicado-el-listado-provisional-de-candidatos-para-cubrir-vacantes-de-trabajo-de-personal-de-limpieza\/\" \/>\n<meta property=\"og:locale\" content=\"ca_ES\" \/>\n<meta property=\"og:type\" content=\"article\" \/>\n<meta property=\"og:title\" content=\"S&#039;ha publicat el llistat provisional de candidats per a cobrir vacants de treball de personal de neteja - Personas y Ciudad\" \/>\n<meta property=\"og:description\" content=\"09\/01\/2026.- S&#8217;han presentat 11 persones per a cobrir les vacants de treball com a personal de neteja. De les 11 candidatures han passat a la fase seg\u00fcent 5 persones, en haver aconseguit una puntuaci\u00f3 m\u00ednima de 30 punts. Segons les bases, si en 48 hores no existix cap reclamaci\u00f3 a esta llista, es considerar\u00e0 definitiva. [&hellip;]\" \/>\n<meta property=\"og:url\" content=\"https:\/\/www.personasyciudad.es\/se-ha-publicado-el-listado-provisional-de-candidatos-para-cubrir-vacantes-de-trabajo-de-personal-de-limpieza\/\" \/>\n<meta property=\"og:site_name\" content=\"Personas y Ciudad\" \/>\n<meta property=\"article:published_time\" content=\"2026-01-08T13:56:41+00:00\" \/>\n<meta property=\"article:modified_time\" content=\"2026-01-09T09:27:16+00:00\" \/>\n<meta property=\"og:image\" content=\"https:\/\/www.personasyciudad.es\/wp-content\/uploads\/2024\/11\/MicrosoftTeams-image-1-1-2.png\" \/>\n\t<meta property=\"og:image:width\" content=\"1500\" \/>\n\t<meta property=\"og:image:height\" content=\"900\" \/>\n\t<meta property=\"og:image:type\" content=\"image\/png\" \/>\n<meta name=\"author\" content=\"PYCSA\" \/>\n<meta name=\"twitter:card\" content=\"summary_large_image\" \/>\n<meta name=\"twitter:label1\" content=\"Written by\" \/>\n\t<meta name=\"twitter:data1\" content=\"PYCSA\" \/>\n<script type=\"application\/ld+json\" class=\"yoast-schema-graph\">{\"@context\":\"https:\\\/\\\/schema.org\",\"@graph\":[{\"@type\":\"Article\",\"@id\":\"https:\\\/\\\/www.personasyciudad.es\\\/se-ha-publicado-el-listado-provisional-de-candidatos-para-cubrir-vacantes-de-trabajo-de-personal-de-limpieza\\\/#article\",\"isPartOf\":{\"@id\":\"https:\\\/\\\/www.personasyciudad.es\\\/se-ha-publicado-el-listado-provisional-de-candidatos-para-cubrir-vacantes-de-trabajo-de-personal-de-limpieza\\\/\"},\"author\":{\"name\":\"PYCSA\",\"@id\":\"https:\\\/\\\/www.personasyciudad.es\\\/#\\\/schema\\\/person\\\/af11b25079a195b40c0b6fb58e76d138\"},\"headline\":\"S&#8217;ha publicat el llistat provisional de candidats per a cobrir vacants de treball de personal de neteja\",\"datePublished\":\"2026-01-08T13:56:41+00:00\",\"dateModified\":\"2026-01-09T09:27:16+00:00\",\"mainEntityOfPage\":{\"@id\":\"https:\\\/\\\/www.personasyciudad.es\\\/se-ha-publicado-el-listado-provisional-de-candidatos-para-cubrir-vacantes-de-trabajo-de-personal-de-limpieza\\\/\"},\"wordCount\":73,\"publisher\":{\"@id\":\"https:\\\/\\\/www.personasyciudad.es\\\/#organization\"},\"image\":{\"@id\":\"https:\\\/\\\/www.personasyciudad.es\\\/se-ha-publicado-el-listado-provisional-de-candidatos-para-cubrir-vacantes-de-trabajo-de-personal-de-limpieza\\\/#primaryimage\"},\"thumbnailUrl\":\"https:\\\/\\\/www.personasyciudad.es\\\/wp-content\\\/uploads\\\/2024\\\/11\\\/MicrosoftTeams-image-1-1-2.png\",\"articleSection\":[\"Ocupaci\u00f3\"],\"inLanguage\":\"ca-ES\"},{\"@type\":\"WebPage\",\"@id\":\"https:\\\/\\\/www.personasyciudad.es\\\/se-ha-publicado-el-listado-provisional-de-candidatos-para-cubrir-vacantes-de-trabajo-de-personal-de-limpieza\\\/\",\"url\":\"https:\\\/\\\/www.personasyciudad.es\\\/se-ha-publicado-el-listado-provisional-de-candidatos-para-cubrir-vacantes-de-trabajo-de-personal-de-limpieza\\\/\",\"name\":\"S'ha publicat el llistat provisional de candidats per a cobrir vacants de treball de personal de neteja - Personas y Ciudad\",\"isPartOf\":{\"@id\":\"https:\\\/\\\/www.personasyciudad.es\\\/#website\"},\"primaryImageOfPage\":{\"@id\":\"https:\\\/\\\/www.personasyciudad.es\\\/se-ha-publicado-el-listado-provisional-de-candidatos-para-cubrir-vacantes-de-trabajo-de-personal-de-limpieza\\\/#primaryimage\"},\"image\":{\"@id\":\"https:\\\/\\\/www.personasyciudad.es\\\/se-ha-publicado-el-listado-provisional-de-candidatos-para-cubrir-vacantes-de-trabajo-de-personal-de-limpieza\\\/#primaryimage\"},\"thumbnailUrl\":\"https:\\\/\\\/www.personasyciudad.es\\\/wp-content\\\/uploads\\\/2024\\\/11\\\/MicrosoftTeams-image-1-1-2.png\",\"datePublished\":\"2026-01-08T13:56:41+00:00\",\"dateModified\":\"2026-01-09T09:27:16+00:00\",\"breadcrumb\":{\"@id\":\"https:\\\/\\\/www.personasyciudad.es\\\/se-ha-publicado-el-listado-provisional-de-candidatos-para-cubrir-vacantes-de-trabajo-de-personal-de-limpieza\\\/#breadcrumb\"},\"inLanguage\":\"ca-ES\",\"potentialAction\":[{\"@type\":\"ReadAction\",\"target\":[\"https:\\\/\\\/www.personasyciudad.es\\\/se-ha-publicado-el-listado-provisional-de-candidatos-para-cubrir-vacantes-de-trabajo-de-personal-de-limpieza\\\/\"]}]},{\"@type\":\"ImageObject\",\"inLanguage\":\"ca-ES\",\"@id\":\"https:\\\/\\\/www.personasyciudad.es\\\/se-ha-publicado-el-listado-provisional-de-candidatos-para-cubrir-vacantes-de-trabajo-de-personal-de-limpieza\\\/#primaryimage\",\"url\":\"https:\\\/\\\/www.personasyciudad.es\\\/wp-content\\\/uploads\\\/2024\\\/11\\\/MicrosoftTeams-image-1-1-2.png\",\"contentUrl\":\"https:\\\/\\\/www.personasyciudad.es\\\/wp-content\\\/uploads\\\/2024\\\/11\\\/MicrosoftTeams-image-1-1-2.png\",\"width\":1500,\"height\":900},{\"@type\":\"BreadcrumbList\",\"@id\":\"https:\\\/\\\/www.personasyciudad.es\\\/se-ha-publicado-el-listado-provisional-de-candidatos-para-cubrir-vacantes-de-trabajo-de-personal-de-limpieza\\\/#breadcrumb\",\"itemListElement\":[{\"@type\":\"ListItem\",\"position\":1,\"name\":\"Portada\",\"item\":\"https:\\\/\\\/www.personasyciudad.es\\\/\"},{\"@type\":\"ListItem\",\"position\":2,\"name\":\"S&#8217;ha publicat el llistat provisional de candidats per a cobrir vacants de treball de personal de neteja\"}]},{\"@type\":\"WebSite\",\"@id\":\"https:\\\/\\\/www.personasyciudad.es\\\/#website\",\"url\":\"https:\\\/\\\/www.personasyciudad.es\\\/\",\"name\":\"Personas y Ciudad\",\"description\":\"Actividades del Ayuntamiento de Sant Joan d\u2019Alacant\",\"publisher\":{\"@id\":\"https:\\\/\\\/www.personasyciudad.es\\\/#organization\"},\"potentialAction\":[{\"@type\":\"SearchAction\",\"target\":{\"@type\":\"EntryPoint\",\"urlTemplate\":\"https:\\\/\\\/www.personasyciudad.es\\\/?s={search_term_string}\"},\"query-input\":{\"@type\":\"PropertyValueSpecification\",\"valueRequired\":true,\"valueName\":\"search_term_string\"}}],\"inLanguage\":\"ca-ES\"},{\"@type\":\"Organization\",\"@id\":\"https:\\\/\\\/www.personasyciudad.es\\\/#organization\",\"name\":\"personas y ciudad\",\"url\":\"https:\\\/\\\/www.personasyciudad.es\\\/\",\"logo\":{\"@type\":\"ImageObject\",\"inLanguage\":\"ca-ES\",\"@id\":\"https:\\\/\\\/www.personasyciudad.es\\\/#\\\/schema\\\/logo\\\/image\\\/\",\"url\":\"https:\\\/\\\/www.personasyciudad.es\\\/wp-content\\\/uploads\\\/2023\\\/04\\\/logo_positivo.png\",\"contentUrl\":\"https:\\\/\\\/www.personasyciudad.es\\\/wp-content\\\/uploads\\\/2023\\\/04\\\/logo_positivo.png\",\"width\":500,\"height\":510,\"caption\":\"personas y ciudad\"},\"image\":{\"@id\":\"https:\\\/\\\/www.personasyciudad.es\\\/#\\\/schema\\\/logo\\\/image\\\/\"}},{\"@type\":\"Person\",\"@id\":\"https:\\\/\\\/www.personasyciudad.es\\\/#\\\/schema\\\/person\\\/af11b25079a195b40c0b6fb58e76d138\",\"name\":\"PYCSA\",\"url\":\"https:\\\/\\\/www.personasyciudad.es\\\/ca-es\\\/author\\\/pycsa\\\/\"}]}<\/script>\n<!-- \/ Yoast SEO plugin. -->","yoast_head_json":{"title":"S'ha publicat el llistat provisional de candidats per a cobrir vacants de treball de personal de neteja - Personas y Ciudad","robots":{"index":"index","follow":"follow","max-snippet":"max-snippet:-1","max-image-preview":"max-image-preview:large","max-video-preview":"max-video-preview:-1"},"canonical":"https:\/\/www.personasyciudad.es\/se-ha-publicado-el-listado-provisional-de-candidatos-para-cubrir-vacantes-de-trabajo-de-personal-de-limpieza\/","og_locale":"ca_ES","og_type":"article","og_title":"S'ha publicat el llistat provisional de candidats per a cobrir vacants de treball de personal de neteja - Personas y Ciudad","og_description":"09\/01\/2026.- S&#8217;han presentat 11 persones per a cobrir les vacants de treball com a personal de neteja. De les 11 candidatures han passat a la fase seg\u00fcent 5 persones, en haver aconseguit una puntuaci\u00f3 m\u00ednima de 30 punts. Segons les bases, si en 48 hores no existix cap reclamaci\u00f3 a esta llista, es considerar\u00e0 definitiva. [&hellip;]","og_url":"https:\/\/www.personasyciudad.es\/se-ha-publicado-el-listado-provisional-de-candidatos-para-cubrir-vacantes-de-trabajo-de-personal-de-limpieza\/","og_site_name":"Personas y Ciudad","article_published_time":"2026-01-08T13:56:41+00:00","article_modified_time":"2026-01-09T09:27:16+00:00","og_image":[{"width":1500,"height":900,"url":"https:\/\/www.personasyciudad.es\/wp-content\/uploads\/2024\/11\/MicrosoftTeams-image-1-1-2.png","type":"image\/png"}],"author":"PYCSA","twitter_card":"summary_large_image","twitter_misc":{"Written by":"PYCSA"},"schema":{"@context":"https:\/\/schema.org","@graph":[{"@type":"Article","@id":"https:\/\/www.personasyciudad.es\/se-ha-publicado-el-listado-provisional-de-candidatos-para-cubrir-vacantes-de-trabajo-de-personal-de-limpieza\/#article","isPartOf":{"@id":"https:\/\/www.personasyciudad.es\/se-ha-publicado-el-listado-provisional-de-candidatos-para-cubrir-vacantes-de-trabajo-de-personal-de-limpieza\/"},"author":{"name":"PYCSA","@id":"https:\/\/www.personasyciudad.es\/#\/schema\/person\/af11b25079a195b40c0b6fb58e76d138"},"headline":"S&#8217;ha publicat el llistat provisional de candidats per a cobrir vacants de treball de personal de neteja","datePublished":"2026-01-08T13:56:41+00:00","dateModified":"2026-01-09T09:27:16+00:00","mainEntityOfPage":{"@id":"https:\/\/www.personasyciudad.es\/se-ha-publicado-el-listado-provisional-de-candidatos-para-cubrir-vacantes-de-trabajo-de-personal-de-limpieza\/"},"wordCount":73,"publisher":{"@id":"https:\/\/www.personasyciudad.es\/#organization"},"image":{"@id":"https:\/\/www.personasyciudad.es\/se-ha-publicado-el-listado-provisional-de-candidatos-para-cubrir-vacantes-de-trabajo-de-personal-de-limpieza\/#primaryimage"},"thumbnailUrl":"https:\/\/www.personasyciudad.es\/wp-content\/uploads\/2024\/11\/MicrosoftTeams-image-1-1-2.png","articleSection":["Ocupaci\u00f3"],"inLanguage":"ca-ES"},{"@type":"WebPage","@id":"https:\/\/www.personasyciudad.es\/se-ha-publicado-el-listado-provisional-de-candidatos-para-cubrir-vacantes-de-trabajo-de-personal-de-limpieza\/","url":"https:\/\/www.personasyciudad.es\/se-ha-publicado-el-listado-provisional-de-candidatos-para-cubrir-vacantes-de-trabajo-de-personal-de-limpieza\/","name":"S'ha publicat el llistat provisional de candidats per a cobrir vacants de treball de personal de neteja - Personas y Ciudad","isPartOf":{"@id":"https:\/\/www.personasyciudad.es\/#website"},"primaryImageOfPage":{"@id":"https:\/\/www.personasyciudad.es\/se-ha-publicado-el-listado-provisional-de-candidatos-para-cubrir-vacantes-de-trabajo-de-personal-de-limpieza\/#primaryimage"},"image":{"@id":"https:\/\/www.personasyciudad.es\/se-ha-publicado-el-listado-provisional-de-candidatos-para-cubrir-vacantes-de-trabajo-de-personal-de-limpieza\/#primaryimage"},"thumbnailUrl":"https:\/\/www.personasyciudad.es\/wp-content\/uploads\/2024\/11\/MicrosoftTeams-image-1-1-2.png","datePublished":"2026-01-08T13:56:41+00:00","dateModified":"2026-01-09T09:27:16+00:00","breadcrumb":{"@id":"https:\/\/www.personasyciudad.es\/se-ha-publicado-el-listado-provisional-de-candidatos-para-cubrir-vacantes-de-trabajo-de-personal-de-limpieza\/#breadcrumb"},"inLanguage":"ca-ES","potentialAction":[{"@type":"ReadAction","target":["https:\/\/www.personasyciudad.es\/se-ha-publicado-el-listado-provisional-de-candidatos-para-cubrir-vacantes-de-trabajo-de-personal-de-limpieza\/"]}]},{"@type":"ImageObject","inLanguage":"ca-ES","@id":"https:\/\/www.personasyciudad.es\/se-ha-publicado-el-listado-provisional-de-candidatos-para-cubrir-vacantes-de-trabajo-de-personal-de-limpieza\/#primaryimage","url":"https:\/\/www.personasyciudad.es\/wp-content\/uploads\/2024\/11\/MicrosoftTeams-image-1-1-2.png","contentUrl":"https:\/\/www.personasyciudad.es\/wp-content\/uploads\/2024\/11\/MicrosoftTeams-image-1-1-2.png","width":1500,"height":900},{"@type":"BreadcrumbList","@id":"https:\/\/www.personasyciudad.es\/se-ha-publicado-el-listado-provisional-de-candidatos-para-cubrir-vacantes-de-trabajo-de-personal-de-limpieza\/#breadcrumb","itemListElement":[{"@type":"ListItem","position":1,"name":"Portada","item":"https:\/\/www.personasyciudad.es\/"},{"@type":"ListItem","position":2,"name":"S&#8217;ha publicat el llistat provisional de candidats per a cobrir vacants de treball de personal de neteja"}]},{"@type":"WebSite","@id":"https:\/\/www.personasyciudad.es\/#website","url":"https:\/\/www.personasyciudad.es\/","name":"Personas y Ciudad","description":"Actividades del Ayuntamiento de Sant Joan d\u2019Alacant","publisher":{"@id":"https:\/\/www.personasyciudad.es\/#organization"},"potentialAction":[{"@type":"SearchAction","target":{"@type":"EntryPoint","urlTemplate":"https:\/\/www.personasyciudad.es\/?s={search_term_string}"},"query-input":{"@type":"PropertyValueSpecification","valueRequired":true,"valueName":"search_term_string"}}],"inLanguage":"ca-ES"},{"@type":"Organization","@id":"https:\/\/www.personasyciudad.es\/#organization","name":"personas y ciudad","url":"https:\/\/www.personasyciudad.es\/","logo":{"@type":"ImageObject","inLanguage":"ca-ES","@id":"https:\/\/www.personasyciudad.es\/#\/schema\/logo\/image\/","url":"https:\/\/www.personasyciudad.es\/wp-content\/uploads\/2023\/04\/logo_positivo.png","contentUrl":"https:\/\/www.personasyciudad.es\/wp-content\/uploads\/2023\/04\/logo_positivo.png","width":500,"height":510,"caption":"personas y ciudad"},"image":{"@id":"https:\/\/www.personasyciudad.es\/#\/schema\/logo\/image\/"}},{"@type":"Person","@id":"https:\/\/www.personasyciudad.es\/#\/schema\/person\/af11b25079a195b40c0b6fb58e76d138","name":"PYCSA","url":"https:\/\/www.personasyciudad.es\/ca-es\/author\/pycsa\/"}]}},"_links":{"self":[{"href":"https:\/\/www.personasyciudad.es\/ca-es\/wp-json\/wp\/v2\/posts\/6635","targetHints":{"allow":["GET"]}}],"collection":[{"href":"https:\/\/www.personasyciudad.es\/ca-es\/wp-json\/wp\/v2\/posts"}],"about":[{"href":"https:\/\/www.personasyciudad.es\/ca-es\/wp-json\/wp\/v2\/types\/post"}],"author":[{"embeddable":true,"href":"https:\/\/www.personasyciudad.es\/ca-es\/wp-json\/wp\/v2\/users\/3"}],"replies":[{"embeddable":true,"href":"https:\/\/www.personasyciudad.es\/ca-es\/wp-json\/wp\/v2\/comments?post=6635"}],"version-history":[{"count":3,"href":"https:\/\/www.personasyciudad.es\/ca-es\/wp-json\/wp\/v2\/posts\/6635\/revisions"}],"predecessor-version":[{"id":6646,"href":"https:\/\/www.personasyciudad.es\/ca-es\/wp-json\/wp\/v2\/posts\/6635\/revisions\/6646"}],"wp:featuredmedia":[{"embeddable":true,"href":"https:\/\/www.personasyciudad.es\/ca-es\/wp-json\/wp\/v2\/media\/5400"}],"wp:attachment":[{"href":"https:\/\/www.personasyciudad.es\/ca-es\/wp-json\/wp\/v2\/media?parent=6635"}],"wp:term":[{"taxonomy":"category","embeddable":true,"href":"https:\/\/www.personasyciudad.es\/ca-es\/wp-json\/wp\/v2\/categories?post=6635"},{"taxonomy":"post_tag","embeddable":true,"href":"https:\/\/www.personasyciudad.es\/ca-es\/wp-json\/wp\/v2\/tags?post=6635"}],"curies":[{"name":"wp","href":"https:\/\/api.w.org\/{rel}","templated":true}]}}